{"id":1010,"date":"2022-10-03T13:11:13","date_gmt":"2022-10-03T16:11:13","guid":{"rendered":"https:\/\/araps.com.br\/?p=1010"},"modified":"2022-10-03T13:11:15","modified_gmt":"2022-10-03T16:11:15","slug":"por-que-o-dia-das-criancas-e-comemorado-no-mesmo-dia-de-nossa-senhora-aparecida","status":"publish","type":"post","link":"https:\/\/araps.com.br\/index.php\/2022\/10\/03\/por-que-o-dia-das-criancas-e-comemorado-no-mesmo-dia-de-nossa-senhora-aparecida\/","title":{"rendered":"Por que o Dia das Crian\u00e7as \u00e9 comemorado no mesmo dia de Nossa Senhora Aparecida?"},"content":{"rendered":"\n<p>Tudo come\u00e7ou no Congresso Sul-americano da Crian\u00e7a, sediado no Rio de Janeiro, que na \u00e9poca era a capital federal, em 12 de outubro de 1923.<\/p>\n\n\n\n<p>Galdino do Valle Filho, que tinha acabado de ser eleito deputado federal, prop\u00f4s um lei, em 1924, instituindo o dia 12 de outubro como Dia das Crian\u00e7as no Brasil. O ent\u00e3o presidente da Rep\u00fablica Arthur Bernardes sancionou o decreto 4.867, tornando oficial a data.<\/p>\n\n\n\n<p>Portanto, n\u00e3o passa de um coincid\u00eancia o fato de o Dia das Crian\u00e7as e o Dia de Nossa Senhora Aparecida, padroeira do Brasil, serem celbrados no mesmo dia.<br>Desde 1930, a santa \u00e9 oficialmente a padroeira do pa\u00eds, ap\u00f3s um decreto papal. Por\u00e9m, s\u00f3 em 1980, quando o papa Jo\u00e3o Paulo II esteve no Brasil, que o ent\u00e3o presidente Jo\u00e3o Figueiredo declarou feriado nacional no dia 12 de outubro.<\/p>\n\n\n\n<p>Nunca soube que a data era t\u00e3o antiga assim. Os mais idosos nunca ouviram falar disto e nunca tivemos comemora\u00e7\u00e3o desse dia. Na realidade a dta foi institucionalizada pelo com\u00e9rcio, por raz\u00f5es \u00f3bvias<\/p>\n","protected":false},"excerpt":{"rendered":"<p>Tudo come\u00e7ou no Congresso Sul-americano da Crian\u00e7a, sediado no Rio de Janeiro, que na \u00e9poca era a capital federal, em<\/p>\n","protected":false},"author":1,"featured_media":1011,"comment_status":"open","ping_status":"open","sticky":false,"template":"","format":"standard","meta":{"colormag_page_container_layout":"default_layout","colormag_page_sidebar_layout":"default_layout","_exactmetrics_skip_tracking":false,"_exactmetrics_sitenote_active":false,"_exactmetrics_sitenote_note":"","_exactmetrics_sitenote_category":0,"_jetpack_memberships_contains_paid_content":false,"footnotes":"","jetpack_publicize_message":"","jetpack_publicize_feature_enabled":true,"jetpack_social_post_already_shared":true,"jetpack_social_options":{"image_generator_settings":{"template":"highway","default_image_id":0,"font":"","enabled":false},"version":2}},"categories":[14],"tags":[49,54,110],"class_list":["post-1010","post","type-post","status-publish","format-standard","has-post-thumbnail","hentry","category-brasil","tag-aposentados","tag-araps","tag-dia-das-criancas"],"jetpack_publicize_connections":[],"jetpack_featured_media_url":"https:\/\/i0.wp.com\/araps.com.br\/wp-content\/uploads\/2022\/10\/cfaba35eecf00aac945cd81c94541b96.jpg?fit=800%2C445&ssl=1","jetpack-related-posts":[],"jetpack_sharing_enabled":true,"jetpack_likes_enabled":true,"_links":{"self":[{"href":"https:\/\/araps.com.br\/index.php\/wp-json\/wp\/v2\/posts\/1010","targetHints":{"allow":["GET"]}}],"collection":[{"href":"https:\/\/araps.com.br\/index.php\/wp-json\/wp\/v2\/posts"}],"about":[{"href":"https:\/\/araps.com.br\/index.php\/wp-json\/wp\/v2\/types\/post"}],"author":[{"embeddable":true,"href":"https:\/\/araps.com.br\/index.php\/wp-json\/wp\/v2\/users\/1"}],"replies":[{"embeddable":true,"href":"https:\/\/araps.com.br\/index.php\/wp-json\/wp\/v2\/comments?post=1010"}],"version-history":[{"count":1,"href":"https:\/\/araps.com.br\/index.php\/wp-json\/wp\/v2\/posts\/1010\/revisions"}],"predecessor-version":[{"id":1012,"href":"https:\/\/araps.com.br\/index.php\/wp-json\/wp\/v2\/posts\/1010\/revisions\/1012"}],"wp:featuredmedia":[{"embeddable":true,"href":"https:\/\/araps.com.br\/index.php\/wp-json\/wp\/v2\/media\/1011"}],"wp:attachment":[{"href":"https:\/\/araps.com.br\/index.php\/wp-json\/wp\/v2\/media?parent=1010"}],"wp:term":[{"taxonomy":"category","embeddable":true,"href":"https:\/\/araps.com.br\/index.php\/wp-json\/wp\/v2\/categories?post=1010"},{"taxonomy":"post_tag","embeddable":true,"href":"https:\/\/araps.com.br\/index.php\/wp-json\/wp\/v2\/tags?post=1010"}],"curies":[{"name":"wp","href":"https:\/\/api.w.org\/{rel}","templated":true}]}}