{"id":1015,"date":"2022-10-05T10:24:16","date_gmt":"2022-10-05T13:24:16","guid":{"rendered":"https:\/\/araps.com.br\/?p=1015"},"modified":"2022-10-05T10:24:19","modified_gmt":"2022-10-05T13:24:19","slug":"a-crise-economica-mundial","status":"publish","type":"post","link":"https:\/\/araps.com.br\/index.php\/2022\/10\/05\/a-crise-economica-mundial\/","title":{"rendered":"A crise econ\u00f4mica mundial"},"content":{"rendered":"\n<p>A crise econ\u00f4mica ganhou autonomia em rela\u00e7\u00e3o ao choque que a gerou. Isto \u00e9, apesar de a crise econ\u00f4mica ter origem na pandemia, \u00e9 improv\u00e1vel que a solu\u00e7\u00e3o do problema m\u00e9dico-sanit\u00e1rio resolva o problema e econ\u00f4mico.<\/p>\n\n\n\n<p>N\u00e3o h\u00e1 quem considere que a crise econ\u00f4mica global atual seja independente da pandemia de Covid-19. Justamente por isso essa crise se distingue das passadas. Isto \u00e9, apesar de a crise econ\u00f4mica ter origem na pandemia, \u00e9 improv\u00e1vel que a solu\u00e7\u00e3o do problema m\u00e9dico-sanit\u00e1rio resolva o problema e econ\u00f4mico.<\/p>\n\n\n\n<p>Acumulam-se evid\u00eancias de que o choque econ\u00f4mico gerado pelo novo corona v\u00edrus difere quanto aqueles vivenciados na Grande Depress\u00e3o e na Crise Financeira Global de 2007-2009. O choque atual incide sobre uma economia que j\u00e1 vinha em desacelera\u00e7\u00e3o.<\/p>\n\n\n\n<p>O que \u00e9 uma crise econ\u00f4mica:<\/p>\n\n\n\n<p>Uma crise econ\u00f4mica \u00e9 caracterizada por um per\u00edodo de redu\u00e7\u00e3o do n\u00edvel de produ\u00e7\u00e3o de um pa\u00eds, que est\u00e1 relacionado \u00e0 redu\u00e7\u00e3o do consumo, queda tas taxas de lucro e aumento do desemprego.<\/p>\n\n\n\n<p>Devido ao movimento c\u00edclico dos n\u00edveis de produ\u00e7\u00e3o, a economia pode ser analisada dentro de uma din\u00e2mica de ciclos econ\u00f4micos. Assim, podemos classificar as crises econ\u00f4micas de maneira simplificada em fases de recess\u00f5es e depress\u00f5es.<\/p>\n\n\n\n<p>Uma recess\u00e3o \u00e9 uma retra\u00e7\u00e3o da economia e costuma ser caracterizada pela queda o Produto Interno Bruto (PIB) por dois trimestres consecutivos.<\/p>\n\n\n\n<p>Uma depress\u00e3o, por sua vez \u00e9 uma queda abrupta do PIB de um pa\u00eds ou ent\u00e3o um prolongamento excessivo de uma recess\u00e3o. Isto \u00e9, s\u00e3o crises duradouras, com profundos impactos na economia de um pa\u00eds.<\/p>\n\n\n\n<p>Nas depress\u00f5es os indicadores econ\u00f4micos sofrem grande redu\u00e7\u00e3o, as taxas de desemprego s\u00e3o muito altas e \u00e9 comum que grandes empresas ou institui\u00e7\u00f5es financeiras decretem fal\u00eancias.<\/p>\n","protected":false},"excerpt":{"rendered":"<p>A crise econ\u00f4mica ganhou autonomia em rela\u00e7\u00e3o ao choque que a gerou. Isto \u00e9, apesar de a crise econ\u00f4mica ter<\/p>\n","protected":false},"author":1,"featured_media":1016,"comment_status":"open","ping_status":"open","sticky":false,"template":"","format":"standard","meta":{"colormag_page_container_layout":"default_layout","colormag_page_sidebar_layout":"default_layout","_exactmetrics_skip_tracking":false,"_exactmetrics_sitenote_active":false,"_exactmetrics_sitenote_note":"","_exactmetrics_sitenote_category":0,"_jetpack_memberships_contains_paid_content":false,"footnotes":"","jetpack_publicize_message":"","jetpack_publicize_feature_enabled":true,"jetpack_social_post_already_shared":true,"jetpack_social_options":{"image_generator_settings":{"template":"highway","default_image_id":0,"font":"","enabled":false},"version":2}},"categories":[14],"tags":[49,107,40,112,111],"class_list":["post-1015","post","type-post","status-publish","format-standard","has-post-thumbnail","hentry","category-brasil","tag-aposentados","tag-brasil","tag-covid-19","tag-crise-economica","tag-economia"],"jetpack_publicize_connections":[],"jetpack_featured_media_url":"https:\/\/i0.wp.com\/araps.com.br\/wp-content\/uploads\/2022\/10\/dinheiro.jpg?fit=800%2C445&ssl=1","jetpack-related-posts":[],"jetpack_sharing_enabled":true,"jetpack_likes_enabled":true,"_links":{"self":[{"href":"https:\/\/araps.com.br\/index.php\/wp-json\/wp\/v2\/posts\/1015","targetHints":{"allow":["GET"]}}],"collection":[{"href":"https:\/\/araps.com.br\/index.php\/wp-json\/wp\/v2\/posts"}],"about":[{"href":"https:\/\/araps.com.br\/index.php\/wp-json\/wp\/v2\/types\/post"}],"author":[{"embeddable":true,"href":"https:\/\/araps.com.br\/index.php\/wp-json\/wp\/v2\/users\/1"}],"replies":[{"embeddable":true,"href":"https:\/\/araps.com.br\/index.php\/wp-json\/wp\/v2\/comments?post=1015"}],"version-history":[{"count":1,"href":"https:\/\/araps.com.br\/index.php\/wp-json\/wp\/v2\/posts\/1015\/revisions"}],"predecessor-version":[{"id":1017,"href":"https:\/\/araps.com.br\/index.php\/wp-json\/wp\/v2\/posts\/1015\/revisions\/1017"}],"wp:featuredmedia":[{"embeddable":true,"href":"https:\/\/araps.com.br\/index.php\/wp-json\/wp\/v2\/media\/1016"}],"wp:attachment":[{"href":"https:\/\/araps.com.br\/index.php\/wp-json\/wp\/v2\/media?parent=1015"}],"wp:term":[{"taxonomy":"category","embeddable":true,"href":"https:\/\/araps.com.br\/index.php\/wp-json\/wp\/v2\/categories?post=1015"},{"taxonomy":"post_tag","embeddable":true,"href":"https:\/\/araps.com.br\/index.php\/wp-json\/wp\/v2\/tags?post=1015"}],"curies":[{"name":"wp","href":"https:\/\/api.w.org\/{rel}","templated":true}]}}