{"id":1031,"date":"2022-11-07T11:13:16","date_gmt":"2022-11-07T14:13:16","guid":{"rendered":"https:\/\/araps.com.br\/?p=1031"},"modified":"2022-11-07T11:13:19","modified_gmt":"2022-11-07T14:13:19","slug":"historia-da-bandeira-do-brasil","status":"publish","type":"post","link":"https:\/\/araps.com.br\/index.php\/2022\/11\/07\/historia-da-bandeira-do-brasil\/","title":{"rendered":"Hist\u00f3ria da Bandeira do Brasil"},"content":{"rendered":"\n<p>A Bandeira Nacional do Brasil, foi institu\u00edda em 19 de novembro de 1889, pelo decreto n\u00ba 4 ap\u00f3s a Proclama\u00e7\u00e3o da Rep\u00fablica. Os Estados da Federa\u00e7\u00e3o s\u00e3o representados por estrelas.<\/p>\n\n\n\n<p>Foi projetada por Raimundo Teixeira Mendes e Miguel Lemos, com desenho de D\u00e9cio Vilares e inspirada na antiga Bandeira do Imp\u00e9rio, que foi desenhada pelo pintor franc\u00eas Jean Baptiste Debret, sendo que a esfera azul-celeste e a divisa com inscri\u00e7\u00e3o \u201cOrdem e Progresso\u201d est\u00e1 no lugar da Coroa Imperial. Dentro da esfera, est\u00e1 representado o c\u00e9u do rio de Janeiro, com a constela\u00e7\u00e3o do Cruzeiro do Sul, \u00e0s 8h30 de 15 de novembro de 1889, dia da Proclama\u00e7\u00e3o da Rep\u00fablica.<\/p>\n\n\n\n<p><strong>Hino \u00e0 Bandeira<\/strong><\/p>\n\n\n\n<p><strong>Letra de Olavo Bilac (1865-1918)<br>M\u00fasica de Francisco Braga (1868-1945)<br>Apresentado pela primeira vez em 9\/11\/1906<\/strong><\/p>\n\n\n\n<p>Salve, lindo pend\u00e3o da esperan\u00e7a!<br>Salve, s\u00edmbolo augusto da paz!<br>Tua nobre presen\u00e7a \u00e0 lembran\u00e7a<br>A grandeza da P\u00e1tria nos traz<\/p>\n\n\n\n<p>Recebe o afeto que se encerra<br>Em nosso peito juvenil<br>Querido s\u00edmbolo da terra<br>Da amada terra do Brasil!<\/p>\n\n\n\n<p>Em teu seio formoso retratas<br>Este c\u00e9u de pur\u00edssimo azul<br>A verdura sem par destas matas<br>E o esplendor do Cruzeiro do Sul<\/p>\n\n\n\n<p>Recebe o afeto que se encerra<br>Em nosso peito juvenil<br>Querido s\u00edmbolo da terra<br>Da amada terra do Brasil!<\/p>\n\n\n\n<p>Contemplando o teu vulto sagrado<br>Compreendemos o nosso dever<br>E o Brasil por seus filhos amado<br>Poderoso e feliz h\u00e1 de ser!<\/p>\n\n\n\n<p>Recebe o afeto que se encerra<br>Em nosso peito juvenil<br>Querido s\u00edmbolo da terra<br>Da amada terra do Brasil!<\/p>\n\n\n\n<p>Sobre a imensa Na\u00e7\u00e3o Brasileira<br>Nos momentos de festa ou de dor<br>Paira sempre sagrada bandeira<br>Pavilh\u00e3o da justi\u00e7a e do amor!<\/p>\n\n\n\n<p>Recebe o afeto que se encerra<br>Em nosso peito juvenil<br>Querido s\u00edmbolo da terra <br>Da amada terra do Brasil<\/p>\n","protected":false},"excerpt":{"rendered":"<p>A Bandeira Nacional do Brasil, foi institu\u00edda em 19 de novembro de 1889, pelo decreto n\u00ba 4 ap\u00f3s a Proclama\u00e7\u00e3o<\/p>\n","protected":false},"author":1,"featured_media":1032,"comment_status":"open","ping_status":"open","sticky":false,"template":"","format":"standard","meta":{"colormag_page_container_layout":"default_layout","colormag_page_sidebar_layout":"default_layout","_exactmetrics_skip_tracking":false,"_exactmetrics_sitenote_active":false,"_exactmetrics_sitenote_note":"","_exactmetrics_sitenote_category":0,"_jetpack_memberships_contains_paid_content":false,"footnotes":"","jetpack_publicize_message":"","jetpack_publicize_feature_enabled":true,"jetpack_social_post_already_shared":true,"jetpack_social_options":{"image_generator_settings":{"template":"highway","default_image_id":0,"font":"","enabled":false},"version":2}},"categories":[14],"tags":[54,113,107],"class_list":["post-1031","post","type-post","status-publish","format-standard","has-post-thumbnail","hentry","category-brasil","tag-araps","tag-bandeira-do-brasil","tag-brasil"],"jetpack_publicize_connections":[],"jetpack_featured_media_url":"https:\/\/i0.wp.com\/araps.com.br\/wp-content\/uploads\/2022\/11\/bandeira.png?fit=800%2C445&ssl=1","jetpack-related-posts":[],"jetpack_sharing_enabled":true,"jetpack_likes_enabled":true,"_links":{"self":[{"href":"https:\/\/araps.com.br\/index.php\/wp-json\/wp\/v2\/posts\/1031","targetHints":{"allow":["GET"]}}],"collection":[{"href":"https:\/\/araps.com.br\/index.php\/wp-json\/wp\/v2\/posts"}],"about":[{"href":"https:\/\/araps.com.br\/index.php\/wp-json\/wp\/v2\/types\/post"}],"author":[{"embeddable":true,"href":"https:\/\/araps.com.br\/index.php\/wp-json\/wp\/v2\/users\/1"}],"replies":[{"embeddable":true,"href":"https:\/\/araps.com.br\/index.php\/wp-json\/wp\/v2\/comments?post=1031"}],"version-history":[{"count":1,"href":"https:\/\/araps.com.br\/index.php\/wp-json\/wp\/v2\/posts\/1031\/revisions"}],"predecessor-version":[{"id":1033,"href":"https:\/\/araps.com.br\/index.php\/wp-json\/wp\/v2\/posts\/1031\/revisions\/1033"}],"wp:featuredmedia":[{"embeddable":true,"href":"https:\/\/araps.com.br\/index.php\/wp-json\/wp\/v2\/media\/1032"}],"wp:attachment":[{"href":"https:\/\/araps.com.br\/index.php\/wp-json\/wp\/v2\/media?parent=1031"}],"wp:term":[{"taxonomy":"category","embeddable":true,"href":"https:\/\/araps.com.br\/index.php\/wp-json\/wp\/v2\/categories?post=1031"},{"taxonomy":"post_tag","embeddable":true,"href":"https:\/\/araps.com.br\/index.php\/wp-json\/wp\/v2\/tags?post=1031"}],"curies":[{"name":"wp","href":"https:\/\/api.w.org\/{rel}","templated":true}]}}