{"id":1141,"date":"2023-03-07T16:09:34","date_gmt":"2023-03-07T19:09:34","guid":{"rendered":"https:\/\/araps.com.br\/?p=1141"},"modified":"2023-03-07T16:09:37","modified_gmt":"2023-03-07T19:09:37","slug":"revisao-da-vida-toda","status":"publish","type":"post","link":"https:\/\/araps.com.br\/index.php\/2023\/03\/07\/revisao-da-vida-toda\/","title":{"rendered":"REVIS\u00c3O DA VIDA TODA"},"content":{"rendered":"\n<p>A Revis\u00e3o da Vida Toda ou da Vida Inteira, tema 1 102 no STF, busca alterar o ato de concess\u00e3o do benef\u00edcio para fins de apura\u00e7\u00e3o da RMI da aposentadoria, incluindo-se todas as contribui\u00e7\u00f5es realizadas para calcular o sal\u00e1rio de contribui\u00e7\u00e3o, sem que haja a limita\u00e7\u00e3o correspondente \u00e0 compet\u00eancia de julho\/1994, trazida pelo art. 3.2 da Lei 9.876\/1999 como regra de transi\u00e7\u00e3o.<\/p>\n\n\n\n<p><strong>Revis\u00e3o da Vida Toda: Quem tem direito?<\/strong><\/p>\n\n\n\n<p>Quem se aposentou pelo INSS depois de 1999 e tem contribui\u00e7\u00f5es anteriores a 1994.<\/p>\n\n\n\n<p>Lembrando que h\u00e1 decad\u00eancia de 10 anos, a partir da concess\u00e3o do benef\u00edcio, nesta e em todas as demais a\u00e7\u00f5es da Previd\u00eancia.<\/p>\n","protected":false},"excerpt":{"rendered":"<p>A Revis\u00e3o da Vida Toda ou da Vida Inteira, tema 1 102 no STF, busca alterar o ato de concess\u00e3o<\/p>\n","protected":false},"author":1,"featured_media":1142,"comment_status":"open","ping_status":"open","sticky":false,"template":"","format":"standard","meta":{"colormag_page_container_layout":"default_layout","colormag_page_sidebar_layout":"default_layout","_exactmetrics_skip_tracking":false,"_exactmetrics_sitenote_active":false,"_exactmetrics_sitenote_note":"","_exactmetrics_sitenote_category":0,"_jetpack_memberships_contains_paid_content":false,"footnotes":"","jetpack_publicize_message":"","jetpack_publicize_feature_enabled":true,"jetpack_social_post_already_shared":true,"jetpack_social_options":{"image_generator_settings":{"template":"highway","default_image_id":0,"font":"","enabled":false},"version":2}},"categories":[14,15],"tags":[49,107,47,119],"class_list":["post-1141","post","type-post","status-publish","format-standard","has-post-thumbnail","hentry","category-brasil","category-inss","tag-aposentados","tag-brasil","tag-inss","tag-revisao-da-vida-toda"],"jetpack_publicize_connections":[],"jetpack_featured_media_url":"https:\/\/i0.wp.com\/araps.com.br\/wp-content\/uploads\/2023\/03\/Supremo_Brasil.jpg?fit=800%2C445&ssl=1","jetpack-related-posts":[],"jetpack_sharing_enabled":true,"jetpack_likes_enabled":true,"_links":{"self":[{"href":"https:\/\/araps.com.br\/index.php\/wp-json\/wp\/v2\/posts\/1141","targetHints":{"allow":["GET"]}}],"collection":[{"href":"https:\/\/araps.com.br\/index.php\/wp-json\/wp\/v2\/posts"}],"about":[{"href":"https:\/\/araps.com.br\/index.php\/wp-json\/wp\/v2\/types\/post"}],"author":[{"embeddable":true,"href":"https:\/\/araps.com.br\/index.php\/wp-json\/wp\/v2\/users\/1"}],"replies":[{"embeddable":true,"href":"https:\/\/araps.com.br\/index.php\/wp-json\/wp\/v2\/comments?post=1141"}],"version-history":[{"count":1,"href":"https:\/\/araps.com.br\/index.php\/wp-json\/wp\/v2\/posts\/1141\/revisions"}],"predecessor-version":[{"id":1143,"href":"https:\/\/araps.com.br\/index.php\/wp-json\/wp\/v2\/posts\/1141\/revisions\/1143"}],"wp:featuredmedia":[{"embeddable":true,"href":"https:\/\/araps.com.br\/index.php\/wp-json\/wp\/v2\/media\/1142"}],"wp:attachment":[{"href":"https:\/\/araps.com.br\/index.php\/wp-json\/wp\/v2\/media?parent=1141"}],"wp:term":[{"taxonomy":"category","embeddable":true,"href":"https:\/\/araps.com.br\/index.php\/wp-json\/wp\/v2\/categories?post=1141"},{"taxonomy":"post_tag","embeddable":true,"href":"https:\/\/araps.com.br\/index.php\/wp-json\/wp\/v2\/tags?post=1141"}],"curies":[{"name":"wp","href":"https:\/\/api.w.org\/{rel}","templated":true}]}}