{"id":1201,"date":"2023-04-13T11:52:05","date_gmt":"2023-04-13T14:52:05","guid":{"rendered":"https:\/\/araps.com.br\/?p=1201"},"modified":"2023-04-13T11:52:08","modified_gmt":"2023-04-13T14:52:08","slug":"calendario-2023-do-13o-salario-do-inss-para-aposentados","status":"publish","type":"post","link":"https:\/\/araps.com.br\/index.php\/2023\/04\/13\/calendario-2023-do-13o-salario-do-inss-para-aposentados\/","title":{"rendered":"Calend\u00e1rio 2023 do 13\u00ba sal\u00e1rio do INSS para aposentados"},"content":{"rendered":"\n<p>Diferente do que aconteceu nos \u00faltimos anos em decorr\u00eancia da pandemia de Covid-19 e os impactos na economia, o INSS n\u00e3o pretende antecipar os pagamentos do 13\u00ba sal\u00e1rio aos seus aposentados e pensionistas em 2023, apesar da expectativa de milhares de segurados. Os segurados receber\u00e3o o pagamento em duas parcelas, sendo que a primeira parcela corresponde a 50% do valor do benef\u00edcio, sem descontos.<\/p>\n\n\n\n<h3 class=\"wp-block-heading\">Veja abaixo as tabelas e as datas:<\/h3>\n\n\n\n<figure class=\"wp-block-table is-style-stripes has-small-font-size\"><table><tbody><tr><td class=\"has-text-align-left\" data-align=\"left\" colspan=\"2\"><strong>Calend\u00e1rio para quem recebe at\u00e9 um sal\u00e1rio m\u00ednimo<\/strong><\/td><\/tr><tr><td class=\"has-text-align-left\" data-align=\"left\"><strong>1\u00aa Parcela<\/strong><\/td><td><strong>2\u00aa Parcela<\/strong><\/td><\/tr><tr><td class=\"has-text-align-left\" data-align=\"left\">FINAL 1 \u2013 25 de agosto<\/td><td>FINAL 1 \u2013 24 de novembro<\/td><\/tr><tr><td class=\"has-text-align-left\" data-align=\"left\">FINAL 2 \u2013 28 de agosto<\/td><td>FINAL 2 \u2013 27 de novembro<\/td><\/tr><tr><td class=\"has-text-align-left\" data-align=\"left\">FINAL 3 \u2013 29 de agosto<\/td><td>FINAL 3 \u2013 28 de novembro<\/td><\/tr><tr><td class=\"has-text-align-left\" data-align=\"left\">FINAL 4 \u2013 30 de agosto<\/td><td>FINAL 4 \u2013 29 de novembro<\/td><\/tr><tr><td class=\"has-text-align-left\" data-align=\"left\">FINAL 5 \u2013 31 de agosto<\/td><td>FINAL 5 \u2013 30 de novembro<\/td><\/tr><tr><td class=\"has-text-align-left\" data-align=\"left\">FINAL 6 \u2013 1 de setembro<\/td><td>FINAL 6 \u2013 1 de dezembro<\/td><\/tr><tr><td class=\"has-text-align-left\" data-align=\"left\">FINAL 7 \u2013 4 de setembro<\/td><td>FINAL 7 \u2013 4 de dezembro<\/td><\/tr><tr><td class=\"has-text-align-left\" data-align=\"left\">FINAL 8 \u2013 5 de setembro<\/td><td>FINAL 8 \u2013 5 de dezembro<\/td><\/tr><tr><td class=\"has-text-align-left\" data-align=\"left\">FINAL 9 \u2013 6 de setembro<\/td><td>FINAL 9 \u2013 6 de dezembro<\/td><\/tr><tr><td class=\"has-text-align-left\" data-align=\"left\">FINAL 0 \u2013 8 de setembro<\/td><td>FINAL 0 \u2013 7 de dezembro<\/td><\/tr><\/tbody><\/table><\/figure>\n\n\n\n<h3 class=\"wp-block-heading\"><strong>Veja abaixo o calend\u00e1rio para todos que recebem ACIMA DE UM SAL\u00c1RIO M\u00cdNIMO:<\/strong><\/h3>\n\n\n\n<figure class=\"wp-block-table is-style-stripes\"><table><tbody><tr><td colspan=\"2\"><strong>Calend\u00e1rio para quem recebe acima de um sal\u00e1rio m\u00ednimo<\/strong><\/td><\/tr><tr><td>1\u00aa Parcela<\/td><td>2\u00aa Parcela<\/td><\/tr><tr><td>FINAL 1 e 6 \u2013 1 de setembro<\/td><td>FINAL 1 e 6 \u2013 1 de dezembro<\/td><\/tr><tr><td>FINAL 2 e 7 \u2013 4 de setembro<\/td><td>FINAL 2 e 7 \u2013 4 de dezembro<\/td><\/tr><tr><td>FINAL 3 e 8 \u2013 5 de setembro<\/td><td>FINAL 3 e 8 \u2013 5 de dezembro<\/td><\/tr><tr><td>FINAL 4 e 9 \u2013 6 de setembro<\/td><td>FINAL 4 e 9 \u2013 6 de dezembro<\/td><\/tr><tr><td>FINAL 5 e 0 \u2013 8 de setembro<\/td><td>FINAL 5 e 0 \u2013 7 de dezembro<\/td><\/tr><\/tbody><\/table><\/figure>\n\n\n\n<p>Vale apontar que, por ser um programa social do governo federal e n\u00e3o uma aposentadoria, o Benef\u00edcio de Presta\u00e7\u00e3o Continuada (BPC) n\u00e3o fornece 13\u00ba sal\u00e1rio.<\/p>\n\n\n\n<p class=\"has-small-font-size\">Escrito por Rodrigo Valino em 27 de fevereiro de 2023<\/p>\n","protected":false},"excerpt":{"rendered":"<p>Diferente do que aconteceu nos \u00faltimos anos em decorr\u00eancia da pandemia de Covid-19 e os impactos na economia, o INSS<\/p>\n","protected":false},"author":1,"featured_media":1202,"comment_status":"open","ping_status":"open","sticky":false,"template":"","format":"standard","meta":{"colormag_page_container_layout":"default_layout","colormag_page_sidebar_layout":"default_layout","_exactmetrics_skip_tracking":false,"_exactmetrics_sitenote_active":false,"_exactmetrics_sitenote_note":"","_exactmetrics_sitenote_category":0,"_jetpack_memberships_contains_paid_content":false,"footnotes":"","jetpack_publicize_message":"","jetpack_publicize_feature_enabled":true,"jetpack_social_post_already_shared":true,"jetpack_social_options":{"image_generator_settings":{"template":"highway","default_image_id":0,"font":"","enabled":false},"version":2}},"categories":[15],"tags":[103,49,54,47],"class_list":["post-1201","post","type-post","status-publish","format-standard","has-post-thumbnail","hentry","category-inss","tag-13o-salario-2","tag-aposentados","tag-araps","tag-inss"],"jetpack_publicize_connections":[],"jetpack_featured_media_url":"https:\/\/i0.wp.com\/araps.com.br\/wp-content\/uploads\/2023\/04\/aumenta-numero-de-salario-INSS-1-696x542-1.jpg?fit=800%2C445&ssl=1","jetpack-related-posts":[],"jetpack_sharing_enabled":true,"jetpack_likes_enabled":true,"_links":{"self":[{"href":"https:\/\/araps.com.br\/index.php\/wp-json\/wp\/v2\/posts\/1201","targetHints":{"allow":["GET"]}}],"collection":[{"href":"https:\/\/araps.com.br\/index.php\/wp-json\/wp\/v2\/posts"}],"about":[{"href":"https:\/\/araps.com.br\/index.php\/wp-json\/wp\/v2\/types\/post"}],"author":[{"embeddable":true,"href":"https:\/\/araps.com.br\/index.php\/wp-json\/wp\/v2\/users\/1"}],"replies":[{"embeddable":true,"href":"https:\/\/araps.com.br\/index.php\/wp-json\/wp\/v2\/comments?post=1201"}],"version-history":[{"count":1,"href":"https:\/\/araps.com.br\/index.php\/wp-json\/wp\/v2\/posts\/1201\/revisions"}],"predecessor-version":[{"id":1203,"href":"https:\/\/araps.com.br\/index.php\/wp-json\/wp\/v2\/posts\/1201\/revisions\/1203"}],"wp:featuredmedia":[{"embeddable":true,"href":"https:\/\/araps.com.br\/index.php\/wp-json\/wp\/v2\/media\/1202"}],"wp:attachment":[{"href":"https:\/\/araps.com.br\/index.php\/wp-json\/wp\/v2\/media?parent=1201"}],"wp:term":[{"taxonomy":"category","embeddable":true,"href":"https:\/\/araps.com.br\/index.php\/wp-json\/wp\/v2\/categories?post=1201"},{"taxonomy":"post_tag","embeddable":true,"href":"https:\/\/araps.com.br\/index.php\/wp-json\/wp\/v2\/tags?post=1201"}],"curies":[{"name":"wp","href":"https:\/\/api.w.org\/{rel}","templated":true}]}}