{"id":1286,"date":"2023-09-07T09:00:00","date_gmt":"2023-09-07T12:00:00","guid":{"rendered":"https:\/\/araps.com.br\/?p=1286"},"modified":"2023-09-05T09:12:00","modified_gmt":"2023-09-05T12:12:00","slug":"qual-a-importancia-do-dia-da-independencia-7-de-setembro","status":"publish","type":"post","link":"https:\/\/araps.com.br\/index.php\/2023\/09\/07\/qual-a-importancia-do-dia-da-independencia-7-de-setembro\/","title":{"rendered":"Qual a import\u00e2ncia do Dia da Indep\u00eandencia &#8211; 7 de setembro"},"content":{"rendered":"\n<p>O dia 7 de setembro \u00e9 mais do que uma simples data para n\u00f3s brasileiros.<\/p>\n\n\n\n<p>Ele simboliza o in\u00edcio da liberdade de uma p\u00e1tria. Comemorar esta data \u00e9 de grande relev\u00e2ncia para que entendamos a nossa pr\u00f3pria hist\u00f3ria.<\/p>\n\n\n\n<p>No dia 7 de setembro de 1822, Dom Pedro I proclamou a independ\u00eancia do Brasil, \u00e1s margens do Rio Ipiranga e trouxe &#8220;Independ\u00eancia ou morte!&#8221; como um marco hist\u00f3rico do pa\u00eds. A partir de ent\u00e3o, desvinculamos nossos la\u00e7os coloniais com Portugal e iniciamos um novo per\u00edodo cultural, sociol\u00f3gico e hist\u00f3rico no pa\u00eds.<\/p>\n\n\n\n<p>Mais do que apenas entender o contexto dessa data comemorativa, o 7 de setembro deve ser lembrado como um dia para nunca ser esquecido.<\/p>\n\n\n\n<p>Como uma na\u00e7\u00e3o aut\u00f4noma, constru\u00edmos uma identidade alegre, forte, vibrante e lutadora. Conquistamos nossa democracia, resistimos por diversas vezes, gritamos, acreditamos, torcemos, cometemos erros e como qualquer liberdade, tiramos algum ensinamento para que possamos corrigir nossos atos, posteriormente<\/p>\n\n\n\n<p>Ensinar crian\u00e7as e jovens a apreciarem e valorizarem esse dia \u00e9 mais um passo para um futuro harmonioso e com menos problemas sociais. Lembrar da nossa hist\u00f3ria, da nossa luta di\u00e1ria e das nossas conquistas aumentam o patriotismo e refor\u00e7am a ordem e o progresso que levamos na nossa bandeira.<\/p>\n\n\n\n<p>O dia da Independ\u00eancia foi um ponto de partida para algo muito maior, para uma democracia que necessita ser cada vez mais justa e cada vez mais respeitada, para uma liberdade n\u00e3o de express\u00e3o e pensamento, a liberdade deum povo.<\/p>\n\n\n\n<p>Nota: Texto do Col\u00e9gio Pedro e Rafael, em Campinas\/SP<\/p>\n","protected":false},"excerpt":{"rendered":"<p>O dia 7 de setembro \u00e9 mais do que uma simples data para n\u00f3s brasileiros. Ele simboliza o in\u00edcio da<\/p>\n","protected":false},"author":1,"featured_media":1287,"comment_status":"open","ping_status":"open","sticky":false,"template":"","format":"standard","meta":{"colormag_page_container_layout":"default_layout","colormag_page_sidebar_layout":"default_layout","_exactmetrics_skip_tracking":false,"_exactmetrics_sitenote_active":false,"_exactmetrics_sitenote_note":"","_exactmetrics_sitenote_category":0,"_jetpack_memberships_contains_paid_content":false,"footnotes":"","jetpack_publicize_message":"","jetpack_publicize_feature_enabled":true,"jetpack_social_post_already_shared":true,"jetpack_social_options":{"image_generator_settings":{"template":"highway","default_image_id":0,"font":"","enabled":false},"version":2}},"categories":[14],"tags":[109,49,54,107,47],"class_list":["post-1286","post","type-post","status-publish","format-standard","has-post-thumbnail","hentry","category-brasil","tag-7-de-setembro","tag-aposentados","tag-araps","tag-brasil","tag-inss"],"jetpack_publicize_connections":[],"jetpack_featured_media_url":"https:\/\/i0.wp.com\/araps.com.br\/wp-content\/uploads\/2023\/09\/bandeira-do-brasil-scaled.jpg?fit=2560%2C1707&ssl=1","jetpack-related-posts":[],"jetpack_sharing_enabled":true,"jetpack_likes_enabled":true,"_links":{"self":[{"href":"https:\/\/araps.com.br\/index.php\/wp-json\/wp\/v2\/posts\/1286","targetHints":{"allow":["GET"]}}],"collection":[{"href":"https:\/\/araps.com.br\/index.php\/wp-json\/wp\/v2\/posts"}],"about":[{"href":"https:\/\/araps.com.br\/index.php\/wp-json\/wp\/v2\/types\/post"}],"author":[{"embeddable":true,"href":"https:\/\/araps.com.br\/index.php\/wp-json\/wp\/v2\/users\/1"}],"replies":[{"embeddable":true,"href":"https:\/\/araps.com.br\/index.php\/wp-json\/wp\/v2\/comments?post=1286"}],"version-history":[{"count":1,"href":"https:\/\/araps.com.br\/index.php\/wp-json\/wp\/v2\/posts\/1286\/revisions"}],"predecessor-version":[{"id":1288,"href":"https:\/\/araps.com.br\/index.php\/wp-json\/wp\/v2\/posts\/1286\/revisions\/1288"}],"wp:featuredmedia":[{"embeddable":true,"href":"https:\/\/araps.com.br\/index.php\/wp-json\/wp\/v2\/media\/1287"}],"wp:attachment":[{"href":"https:\/\/araps.com.br\/index.php\/wp-json\/wp\/v2\/media?parent=1286"}],"wp:term":[{"taxonomy":"category","embeddable":true,"href":"https:\/\/araps.com.br\/index.php\/wp-json\/wp\/v2\/categories?post=1286"},{"taxonomy":"post_tag","embeddable":true,"href":"https:\/\/araps.com.br\/index.php\/wp-json\/wp\/v2\/tags?post=1286"}],"curies":[{"name":"wp","href":"https:\/\/api.w.org\/{rel}","templated":true}]}}