{"id":1516,"date":"2024-08-06T11:31:42","date_gmt":"2024-08-06T14:31:42","guid":{"rendered":"https:\/\/araps.com.br\/?p=1516"},"modified":"2024-08-06T11:31:44","modified_gmt":"2024-08-06T14:31:44","slug":"importancia-do-voto","status":"publish","type":"post","link":"https:\/\/araps.com.br\/index.php\/2024\/08\/06\/importancia-do-voto\/","title":{"rendered":"IMPORTANCIA DO VOTO"},"content":{"rendered":"\n<p>Este ano teremos elei\u00e7\u00f5es municipais para prefeitos e vereadores.<\/p>\n\n\n\n<p>Dada a import\u00e2ncia da figura do prefeito municipal como chefe do poder executivo, o voto consciente, enquanto fruto direto da avalia\u00e7\u00e3o dos candidatos e coliga\u00e7\u00f5es \u00e9 uma arma important\u00edssima no enfrentamento \u00e0 corrup\u00e7\u00e3o, ao desmando, \u00e0 coisa mal feita e \u00e0 falta de capacidade administrativa, t\u00e3o mal\u00e9ficos ao bem da coletividade. Assim, votar sem consci\u00eancia equivale, em um jogo de futebol, a chutar para o gol sem se preocupar com quest\u00f5es b\u00e1sicas, como, dire\u00e7\u00e3o da bola e for\u00e7a do chute. Em muitos casos, pior do que chutar para fora \u00e9 marcar um gol contra.<\/p>\n\n\n\n<p>Quais s\u00e3o as fun\u00e7\u00f5es de prefeito?<\/p>\n\n\n\n<p>Vale a pena refletirmos um pouco sobre as atribui\u00e7\u00f5es e fun\u00e7\u00f5es da figura pol\u00edtica do prefeito municipal. A elabora\u00e7\u00e3o de pol\u00edticas p\u00fablicas para sa\u00fade, educa\u00e7\u00e3o, habita\u00e7\u00e3o, entre outros fatores pertinentes ao bem-estar e qualidade de vida dos mun\u00edcipios est\u00e3o entre suas a\u00e7\u00f5es. Como representante do poder executivo, \u00e9 o prefeito quem encabe\u00e7a a administra\u00e7\u00e3o da cidade, empreendendo a gest\u00e3o da coisa p\u00fablica, do controle do er\u00e1rio ao planejamento e concretiza\u00e7\u00e3o de obras, sejam elas em termos de constru\u00e7\u00e3o civil ou da \u00e1rea social.<\/p>\n\n\n\n<p>Logo, pode parecer redundante, mas \u00e9 preciso frisar a ideia de que o poder executivo \u00e9 de fato aquele quem executa, coloca em pr\u00e1tica um conjunto de inten\u00e7\u00f5es do governo, realiza determinada obra, projeto, programa ou pol\u00edtica p\u00fablica.<\/p>\n\n\n\n<p>Al\u00e9m disso, cabe ao prefeito n\u00e3o apenas sancionar as leis aprovadas em vota\u00e7\u00e3o pela c\u00e2mara, mas tanto vetar, quanto elaborar propostas de leis quando achar necess\u00e1rio.<\/p>\n\n\n\n<p>Fonte: <a href=\"https:\/\/brasilescola.uol.com.br\/politica\/funcoes-prefeito.htm\" target=\"_blank\" rel=\"noopener\">https:\/\/brasilescola.uol.com.br\/politica\/funcoes-prefeito.htm<\/a><\/p>\n","protected":false},"excerpt":{"rendered":"<p>Este ano teremos elei\u00e7\u00f5es municipais para prefeitos e vereadores. Dada a import\u00e2ncia da figura do prefeito municipal como chefe do<\/p>\n","protected":false},"author":1,"featured_media":1517,"comment_status":"open","ping_status":"open","sticky":false,"template":"","format":"standard","meta":{"colormag_page_container_layout":"default_layout","colormag_page_sidebar_layout":"default_layout","_exactmetrics_skip_tracking":false,"_exactmetrics_sitenote_active":false,"_exactmetrics_sitenote_note":"","_exactmetrics_sitenote_category":0,"_jetpack_memberships_contains_paid_content":false,"footnotes":"","jetpack_publicize_message":"","jetpack_publicize_feature_enabled":true,"jetpack_social_post_already_shared":true,"jetpack_social_options":{"image_generator_settings":{"template":"highway","default_image_id":0,"font":"","enabled":false},"version":2}},"categories":[14,26],"tags":[],"class_list":["post-1516","post","type-post","status-publish","format-standard","has-post-thumbnail","hentry","category-brasil","category-politica"],"jetpack_publicize_connections":[],"jetpack_featured_media_url":"https:\/\/i0.wp.com\/araps.com.br\/wp-content\/uploads\/2024\/08\/50429036346_a9271a4327_o-e1722954561681.webp?fit=900%2C450&ssl=1","jetpack-related-posts":[],"jetpack_sharing_enabled":true,"jetpack_likes_enabled":true,"_links":{"self":[{"href":"https:\/\/araps.com.br\/index.php\/wp-json\/wp\/v2\/posts\/1516","targetHints":{"allow":["GET"]}}],"collection":[{"href":"https:\/\/araps.com.br\/index.php\/wp-json\/wp\/v2\/posts"}],"about":[{"href":"https:\/\/araps.com.br\/index.php\/wp-json\/wp\/v2\/types\/post"}],"author":[{"embeddable":true,"href":"https:\/\/araps.com.br\/index.php\/wp-json\/wp\/v2\/users\/1"}],"replies":[{"embeddable":true,"href":"https:\/\/araps.com.br\/index.php\/wp-json\/wp\/v2\/comments?post=1516"}],"version-history":[{"count":1,"href":"https:\/\/araps.com.br\/index.php\/wp-json\/wp\/v2\/posts\/1516\/revisions"}],"predecessor-version":[{"id":1518,"href":"https:\/\/araps.com.br\/index.php\/wp-json\/wp\/v2\/posts\/1516\/revisions\/1518"}],"wp:featuredmedia":[{"embeddable":true,"href":"https:\/\/araps.com.br\/index.php\/wp-json\/wp\/v2\/media\/1517"}],"wp:attachment":[{"href":"https:\/\/araps.com.br\/index.php\/wp-json\/wp\/v2\/media?parent=1516"}],"wp:term":[{"taxonomy":"category","embeddable":true,"href":"https:\/\/araps.com.br\/index.php\/wp-json\/wp\/v2\/categories?post=1516"},{"taxonomy":"post_tag","embeddable":true,"href":"https:\/\/araps.com.br\/index.php\/wp-json\/wp\/v2\/tags?post=1516"}],"curies":[{"name":"wp","href":"https:\/\/api.w.org\/{rel}","templated":true}]}}