{"id":1535,"date":"2024-09-06T09:50:14","date_gmt":"2024-09-06T12:50:14","guid":{"rendered":"https:\/\/araps.com.br\/?p=1535"},"modified":"2024-09-06T09:50:16","modified_gmt":"2024-09-06T12:50:16","slug":"feriado-de-7-de-setembro-comemora-se-o-dia-da-independencia-do-brasil","status":"publish","type":"post","link":"https:\/\/araps.com.br\/index.php\/2024\/09\/06\/feriado-de-7-de-setembro-comemora-se-o-dia-da-independencia-do-brasil\/","title":{"rendered":"FERIADO DE 7 DE SETEMBRO COMEMORA-SE O \u201cDIA DA INDEPEND\u00caNCIA DO BRASIL\u201d"},"content":{"rendered":"\n<p>No dia 7 de setembro de 1822, Dom Pedro I proclamou a independ\u00eancia do Brasil de Portugal, lan\u00e7ando a famosa frase \u201cIndepend\u00eancia ou Morte!\u201d. Esse gesto simb\u00f3lico deu in\u00edcio a uma s\u00e9rie de eventos que culminaram na separa\u00e7\u00e3o oficial das duas na\u00e7\u00f5es. A bravura e a determina\u00e7\u00e3o do pr\u00edncipe regente deram voz aos anseios de liberdade do povo brasileiro, pavimentando o caminho para uma na\u00e7\u00e3o soberana. O feriado de 7 de setembro se estabeleceu com o um tributo a esse momento hist\u00f3rico de ruptura colonial. Ao longo dos anos, a data se transformou em um s\u00edmbolo nacional de orgulho e identidade, celebrado com desfiles c\u00edvicos, manifesta\u00e7\u00f5es culturais e eventos que relembram o esp\u00edrito de independ\u00eancia.<\/p>\n\n\n\n<p>Hoje, o 7 de setembro transcende a hist\u00f3ria e ganha relev\u00e2ncia contempor\u00e2nea. Ele reafirma a import\u00e2ncia de buscar autonomia, liberdade e dignidade em todas as esferas da sociedade. O feriado n\u00e3o \u00e9 apenas um intervalo no calend\u00e1rio; \u00e9 uma oportunidade para refletir sobre o passado valorizar as conquistas do presente e inspirar o futuro<\/p>\n","protected":false},"excerpt":{"rendered":"<p>No dia 7 de setembro de 1822, Dom Pedro I proclamou a independ\u00eancia do Brasil de Portugal, lan\u00e7ando a famosa<\/p>\n","protected":false},"author":1,"featured_media":1536,"comment_status":"open","ping_status":"open","sticky":false,"template":"","format":"standard","meta":{"colormag_page_container_layout":"default_layout","colormag_page_sidebar_layout":"default_layout","_exactmetrics_skip_tracking":false,"_exactmetrics_sitenote_active":false,"_exactmetrics_sitenote_note":"","_exactmetrics_sitenote_category":0,"_jetpack_memberships_contains_paid_content":false,"footnotes":"","jetpack_publicize_message":"","jetpack_publicize_feature_enabled":true,"jetpack_social_post_already_shared":true,"jetpack_social_options":{"image_generator_settings":{"template":"highway","default_image_id":0,"font":"","enabled":false},"version":2}},"categories":[14],"tags":[123,107,106],"class_list":["post-1535","post","type-post","status-publish","format-standard","has-post-thumbnail","hentry","category-brasil","tag-7-de-setembo","tag-brasil","tag-independencia"],"jetpack_publicize_connections":[],"jetpack_featured_media_url":"https:\/\/i0.wp.com\/araps.com.br\/wp-content\/uploads\/2024\/09\/historia-da-independencia-do-brasil.webp?fit=700%2C525&ssl=1","jetpack-related-posts":[],"jetpack_sharing_enabled":true,"jetpack_likes_enabled":true,"_links":{"self":[{"href":"https:\/\/araps.com.br\/index.php\/wp-json\/wp\/v2\/posts\/1535","targetHints":{"allow":["GET"]}}],"collection":[{"href":"https:\/\/araps.com.br\/index.php\/wp-json\/wp\/v2\/posts"}],"about":[{"href":"https:\/\/araps.com.br\/index.php\/wp-json\/wp\/v2\/types\/post"}],"author":[{"embeddable":true,"href":"https:\/\/araps.com.br\/index.php\/wp-json\/wp\/v2\/users\/1"}],"replies":[{"embeddable":true,"href":"https:\/\/araps.com.br\/index.php\/wp-json\/wp\/v2\/comments?post=1535"}],"version-history":[{"count":1,"href":"https:\/\/araps.com.br\/index.php\/wp-json\/wp\/v2\/posts\/1535\/revisions"}],"predecessor-version":[{"id":1537,"href":"https:\/\/araps.com.br\/index.php\/wp-json\/wp\/v2\/posts\/1535\/revisions\/1537"}],"wp:featuredmedia":[{"embeddable":true,"href":"https:\/\/araps.com.br\/index.php\/wp-json\/wp\/v2\/media\/1536"}],"wp:attachment":[{"href":"https:\/\/araps.com.br\/index.php\/wp-json\/wp\/v2\/media?parent=1535"}],"wp:term":[{"taxonomy":"category","embeddable":true,"href":"https:\/\/araps.com.br\/index.php\/wp-json\/wp\/v2\/categories?post=1535"},{"taxonomy":"post_tag","embeddable":true,"href":"https:\/\/araps.com.br\/index.php\/wp-json\/wp\/v2\/tags?post=1535"}],"curies":[{"name":"wp","href":"https:\/\/api.w.org\/{rel}","templated":true}]}}