{"id":1578,"date":"2024-12-03T11:26:29","date_gmt":"2024-12-03T14:26:29","guid":{"rendered":"https:\/\/araps.com.br\/?p=1578"},"modified":"2024-12-03T11:26:31","modified_gmt":"2024-12-03T14:26:31","slug":"mensalidade-2025","status":"publish","type":"post","link":"https:\/\/araps.com.br\/index.php\/2024\/12\/03\/mensalidade-2025\/","title":{"rendered":"Mensalidade 2025"},"content":{"rendered":"\n<p>A ARAPS, por delibera\u00e7\u00e3o da diretoria, informa que a partir de 1\u00ba de janeiro de 2025 as contribui\u00e7\u00f5es associativas permanecer\u00e3o no mesmo valor, isto \u00e9, R$ 20,00 mensais.<\/p>\n\n\n\n<p>As mensalidades do Plano Funer\u00e1rio passar\u00e3o a ser no valor de R$ 4,00 mensais.<\/p>\n\n\n\n<p>Qualquer d\u00favida, entrem em contato com nossa secretaria: (19) 3533-8787<\/p>\n\n\n\n<p><strong>Endere\u00e7o:<\/strong>\u00a0Rua 1, 541 \u2013 Sa\u00fade<br>Rio Claro-SP<br><strong>CEP:<\/strong>\u00a013500-311<\/p>\n","protected":false},"excerpt":{"rendered":"<p>A ARAPS, por delibera\u00e7\u00e3o da diretoria, informa que a partir de 1\u00ba de janeiro de 2025 as contribui\u00e7\u00f5es associativas permanecer\u00e3o<\/p>\n","protected":false},"author":1,"featured_media":1579,"comment_status":"open","ping_status":"open","sticky":false,"template":"","format":"standard","meta":{"colormag_page_container_layout":"default_layout","colormag_page_sidebar_layout":"default_layout","_exactmetrics_skip_tracking":false,"_exactmetrics_sitenote_active":false,"_exactmetrics_sitenote_note":"","_exactmetrics_sitenote_category":0,"_jetpack_memberships_contains_paid_content":false,"footnotes":"","jetpack_publicize_message":"","jetpack_publicize_feature_enabled":true,"jetpack_social_post_already_shared":true,"jetpack_social_options":{"image_generator_settings":{"template":"highway","default_image_id":0,"font":"","enabled":false},"version":2}},"categories":[3],"tags":[60,54,78,79],"class_list":["post-1578","post","type-post","status-publish","format-standard","has-post-thumbnail","hentry","category-rio-claro","tag-aposentadoria","tag-araps","tag-mensalidade","tag-plano-funerario"],"jetpack_publicize_connections":[],"jetpack_featured_media_url":"https:\/\/i0.wp.com\/araps.com.br\/wp-content\/uploads\/2024\/12\/Atencao.png?fit=785%2C498&ssl=1","jetpack-related-posts":[],"jetpack_sharing_enabled":true,"jetpack_likes_enabled":true,"_links":{"self":[{"href":"https:\/\/araps.com.br\/index.php\/wp-json\/wp\/v2\/posts\/1578","targetHints":{"allow":["GET"]}}],"collection":[{"href":"https:\/\/araps.com.br\/index.php\/wp-json\/wp\/v2\/posts"}],"about":[{"href":"https:\/\/araps.com.br\/index.php\/wp-json\/wp\/v2\/types\/post"}],"author":[{"embeddable":true,"href":"https:\/\/araps.com.br\/index.php\/wp-json\/wp\/v2\/users\/1"}],"replies":[{"embeddable":true,"href":"https:\/\/araps.com.br\/index.php\/wp-json\/wp\/v2\/comments?post=1578"}],"version-history":[{"count":1,"href":"https:\/\/araps.com.br\/index.php\/wp-json\/wp\/v2\/posts\/1578\/revisions"}],"predecessor-version":[{"id":1580,"href":"https:\/\/araps.com.br\/index.php\/wp-json\/wp\/v2\/posts\/1578\/revisions\/1580"}],"wp:featuredmedia":[{"embeddable":true,"href":"https:\/\/araps.com.br\/index.php\/wp-json\/wp\/v2\/media\/1579"}],"wp:attachment":[{"href":"https:\/\/araps.com.br\/index.php\/wp-json\/wp\/v2\/media?parent=1578"}],"wp:term":[{"taxonomy":"category","embeddable":true,"href":"https:\/\/araps.com.br\/index.php\/wp-json\/wp\/v2\/categories?post=1578"},{"taxonomy":"post_tag","embeddable":true,"href":"https:\/\/araps.com.br\/index.php\/wp-json\/wp\/v2\/tags?post=1578"}],"curies":[{"name":"wp","href":"https:\/\/api.w.org\/{rel}","templated":true}]}}