{"id":1587,"date":"2024-12-03T12:15:17","date_gmt":"2024-12-03T15:15:17","guid":{"rendered":"https:\/\/araps.com.br\/?p=1587"},"modified":"2025-01-17T16:09:58","modified_gmt":"2025-01-17T19:09:58","slug":"excursao-para-aparecida","status":"publish","type":"post","link":"https:\/\/araps.com.br\/index.php\/2024\/12\/03\/excursao-para-aparecida\/","title":{"rendered":"Excurs\u00e3o para Aparecida &#8211; Missa dos aposentados"},"content":{"rendered":"\n<p>J\u00e1 estamos organizado a excurs\u00e3o para Aparecida do Norte. Garanta j\u00e1 a sua vaga para a <strong>MISSA DOS APOSENTADOS<\/strong>.<\/p>\n\n\n\n<p>Sa\u00edda: 23h00 &#8211; 25 de janeiro de 2025<\/p>\n\n\n\n<p>Retorno: 14h00 &#8211; 26 de janeiro de 2025<\/p>\n\n\n\n<p><strong>Valor: R$ 120,00<\/strong><br><\/p>\n\n\n\n<p><strong>Veja abaixo a programa\u00e7\u00e3o: <\/strong><br><br>\ud83d\udce2 <strong>36\u00ba ROMARIA NACIONAL DOS APOSENTADOS &#8211; 26\/01\/2025<\/strong><\/p>\n\n\n\n<p><strong>Programa\u00e7\u00e3o:<\/strong><br>\ud83d\ude4f 8h &#8211; Santa Missa dedicada ao Dia Nacional dos Aposentados<br>\ud83d\udce2 9h &#8211; Plen\u00e1ria Nacional no Audit\u00f3rio Padre No\u00e9 Sotillo (subsolo do Santu\u00e1rio)<\/p>\n\n\n\n<p>\u25b6 <strong>Autoridades j\u00e1 confirmadas:<\/strong><br>Alessandro Ant\u00f4nio Stefanutto &#8211; Presidente do INSS<br>Vanderlei Barbosa dos Santos &#8211; Diretor de Benef\u00edcios e Relacionamento com o Cidad\u00e3o do INSS<br>Hermenegildo Pires Alves &#8211; Superintendente Regional do INSS Sudeste I<\/p>\n\n\n\n<p>\ud83d\udccd<strong> Local: Santu\u00e1rio Nacional de Nossa Senhora Aparecida<\/strong><\/p>\n\n\n\n<p>\ud83c\udfa5 A Santa Missa dedicada aos Aposentados com a leitura da Carta de Aparecida ser\u00e1 transmitida ao vivo pela TV Aparecida, TV Cultura, R\u00e1dio Aparecida e R\u00e1dio FAPESP.<\/p>\n\n\n\n<p>\ud83d\udcd1 Tradicionalmente a Plen\u00e1ria ocorrer\u00e1 ap\u00f3s o t\u00e9rmino da Santa Missa onde as lideran\u00e7as discutir\u00e3o bandeiras de luta e mobiliza\u00e7\u00e3o.<\/p>\n\n\n\n<p>\u25b6 <strong>PARTICIPEM DO DIA NACIONAL DO APOSENTADO 2025!<\/strong><\/p>\n\n\n\n<figure class=\"wp-block-embed\"><div class=\"wp-block-embed__wrapper\">\nhttps:\/\/federacaofapesp.org.br\/noticia\/682012\/36-romaria-nacional-dos-aposentados-26012025\n<\/div><\/figure>\n\n\n\n<p>\ud83d\udcd1 CARTA DE APARECIDA 2025 &#8211; https:\/\/federacaofapesp.org.br\/noticia\/682013\/carta-de-aparecida-2025-36-romaria-nacional-dos-aposentados-<\/p>\n\n\n\n<p><\/p>\n","protected":false},"excerpt":{"rendered":"<p>J\u00e1 estamos organizado a excurs\u00e3o para Aparecida do Norte. Garanta j\u00e1 a sua vaga para a MISSA DOS APOSENTADOS. Sa\u00edda:<\/p>\n","protected":false},"author":1,"featured_media":1588,"comment_status":"open","ping_status":"open","sticky":false,"template":"","format":"standard","meta":{"colormag_page_container_layout":"default_layout","colormag_page_sidebar_layout":"default_layout","_exactmetrics_skip_tracking":false,"_exactmetrics_sitenote_active":false,"_exactmetrics_sitenote_note":"","_exactmetrics_sitenote_category":0,"_jetpack_memberships_contains_paid_content":false,"footnotes":"","jetpack_publicize_message":"","jetpack_publicize_feature_enabled":true,"jetpack_social_post_already_shared":true,"jetpack_social_options":{"image_generator_settings":{"template":"highway","default_image_id":0,"font":"","enabled":false},"version":2}},"categories":[23,1],"tags":[],"class_list":["post-1587","post","type-post","status-publish","format-standard","has-post-thumbnail","hentry","category-eventos","category-sem-categoria"],"jetpack_publicize_connections":[],"jetpack_featured_media_url":"https:\/\/i0.wp.com\/araps.com.br\/wp-content\/uploads\/2024\/12\/WhatsApp-Image-2024-08-16-at-18.27.43.jpeg?fit=1170%2C700&ssl=1","jetpack-related-posts":[],"jetpack_sharing_enabled":true,"jetpack_likes_enabled":true,"_links":{"self":[{"href":"https:\/\/araps.com.br\/index.php\/wp-json\/wp\/v2\/posts\/1587","targetHints":{"allow":["GET"]}}],"collection":[{"href":"https:\/\/araps.com.br\/index.php\/wp-json\/wp\/v2\/posts"}],"about":[{"href":"https:\/\/araps.com.br\/index.php\/wp-json\/wp\/v2\/types\/post"}],"author":[{"embeddable":true,"href":"https:\/\/araps.com.br\/index.php\/wp-json\/wp\/v2\/users\/1"}],"replies":[{"embeddable":true,"href":"https:\/\/araps.com.br\/index.php\/wp-json\/wp\/v2\/comments?post=1587"}],"version-history":[{"count":2,"href":"https:\/\/araps.com.br\/index.php\/wp-json\/wp\/v2\/posts\/1587\/revisions"}],"predecessor-version":[{"id":1620,"href":"https:\/\/araps.com.br\/index.php\/wp-json\/wp\/v2\/posts\/1587\/revisions\/1620"}],"wp:featuredmedia":[{"embeddable":true,"href":"https:\/\/araps.com.br\/index.php\/wp-json\/wp\/v2\/media\/1588"}],"wp:attachment":[{"href":"https:\/\/araps.com.br\/index.php\/wp-json\/wp\/v2\/media?parent=1587"}],"wp:term":[{"taxonomy":"category","embeddable":true,"href":"https:\/\/araps.com.br\/index.php\/wp-json\/wp\/v2\/categories?post=1587"},{"taxonomy":"post_tag","embeddable":true,"href":"https:\/\/araps.com.br\/index.php\/wp-json\/wp\/v2\/tags?post=1587"}],"curies":[{"name":"wp","href":"https:\/\/api.w.org\/{rel}","templated":true}]}}