{"id":1638,"date":"2025-02-10T11:35:26","date_gmt":"2025-02-10T14:35:26","guid":{"rendered":"https:\/\/araps.com.br\/?p=1638"},"modified":"2025-02-10T11:36:14","modified_gmt":"2025-02-10T14:36:14","slug":"correcao-de-477-do-inpc-para-aposentados-que-ganham-acima-do-minimo","status":"publish","type":"post","link":"https:\/\/araps.com.br\/index.php\/2025\/02\/10\/correcao-de-477-do-inpc-para-aposentados-que-ganham-acima-do-minimo\/","title":{"rendered":"Corre\u00e7\u00e3o de 4,77% do INPC para aposentados que ganham acima do m\u00ednimo"},"content":{"rendered":"\n<p>Mais uma vez o governo federal deu aumento real aos aposentados que ganham um sal\u00e1rio m\u00ednimo. <\/p>\n\n\n\n<p>J\u00e1 para os que recebem acima do m\u00ednimo somente o reajuste do INPC.<\/p>\n\n\n\n<p>A corre\u00e7\u00e3o para 2025 ser\u00e1 apenas a varia\u00e7\u00e3o do \u00cdndice Nacional de Pre\u00e7os ao Consumidor (INPC) entre dezembro de 2023 e dezembro de 2024. O INPC oficial de 2024 fechou em 4,77%, dados do IBGE divulgados em 10 de janeiro. Os 4,77% acumulados ficam bem abaixo dos 7,5% que ser\u00e3o reajustados no sal\u00e1rio m\u00ednimo.<\/p>\n\n\n\n<p>Essa pol\u00edtica n\u00e3o \u00e9 nova e acaba punindo os aposentados que ganham mais de um sal\u00e1rio, que veem seu poder de compra diminuir a cada ano.Com essa f\u00f3rmula, aposentados que recebem entre um e dois sal\u00e1rios de aposentadoria devem ganhar apenas o m\u00ednimo nos pr\u00f3ximos anos, caso essa pol\u00edtica permane\u00e7a.<\/p>\n\n\n\n<p>Hoje, aproximadamente 21,9 milh\u00f5es de aposentados recebem um sal\u00e1rio-m\u00ednimo. Esse n\u00famero corresponde a 64% do total de 34,2 milh\u00f5es de benef\u00edcios do Regime da Previd\u00eancia- RGPS (sem contar o BPC).<\/p>\n","protected":false},"excerpt":{"rendered":"<p>Mais uma vez o governo federal deu aumento real aos aposentados que ganham um sal\u00e1rio m\u00ednimo. J\u00e1 para os que<\/p>\n","protected":false},"author":1,"featured_media":1639,"comment_status":"open","ping_status":"open","sticky":false,"template":"","format":"standard","meta":{"colormag_page_container_layout":"default_layout","colormag_page_sidebar_layout":"default_layout","_exactmetrics_skip_tracking":false,"_exactmetrics_sitenote_active":false,"_exactmetrics_sitenote_note":"","_exactmetrics_sitenote_category":0,"_jetpack_memberships_contains_paid_content":false,"footnotes":"","jetpack_publicize_message":"","jetpack_publicize_feature_enabled":false,"jetpack_social_post_already_shared":false,"jetpack_social_options":{"image_generator_settings":{"template":"highway","enabled":false},"version":2}},"categories":[14,15],"tags":[],"class_list":["post-1638","post","type-post","status-publish","format-standard","has-post-thumbnail","hentry","category-brasil","category-inss"],"jetpack_publicize_connections":[],"jetpack_featured_media_url":"https:\/\/i0.wp.com\/araps.com.br\/wp-content\/uploads\/2025\/02\/aposentadoria-veja-calendario-do-inss-de-setembro.png?fit=1500%2C775&ssl=1","jetpack-related-posts":[],"jetpack_sharing_enabled":true,"jetpack_likes_enabled":true,"_links":{"self":[{"href":"https:\/\/araps.com.br\/index.php\/wp-json\/wp\/v2\/posts\/1638","targetHints":{"allow":["GET"]}}],"collection":[{"href":"https:\/\/araps.com.br\/index.php\/wp-json\/wp\/v2\/posts"}],"about":[{"href":"https:\/\/araps.com.br\/index.php\/wp-json\/wp\/v2\/types\/post"}],"author":[{"embeddable":true,"href":"https:\/\/araps.com.br\/index.php\/wp-json\/wp\/v2\/users\/1"}],"replies":[{"embeddable":true,"href":"https:\/\/araps.com.br\/index.php\/wp-json\/wp\/v2\/comments?post=1638"}],"version-history":[{"count":1,"href":"https:\/\/araps.com.br\/index.php\/wp-json\/wp\/v2\/posts\/1638\/revisions"}],"predecessor-version":[{"id":1640,"href":"https:\/\/araps.com.br\/index.php\/wp-json\/wp\/v2\/posts\/1638\/revisions\/1640"}],"wp:featuredmedia":[{"embeddable":true,"href":"https:\/\/araps.com.br\/index.php\/wp-json\/wp\/v2\/media\/1639"}],"wp:attachment":[{"href":"https:\/\/araps.com.br\/index.php\/wp-json\/wp\/v2\/media?parent=1638"}],"wp:term":[{"taxonomy":"category","embeddable":true,"href":"https:\/\/araps.com.br\/index.php\/wp-json\/wp\/v2\/categories?post=1638"},{"taxonomy":"post_tag","embeddable":true,"href":"https:\/\/araps.com.br\/index.php\/wp-json\/wp\/v2\/tags?post=1638"}],"curies":[{"name":"wp","href":"https:\/\/api.w.org\/{rel}","templated":true}]}}