{"id":1641,"date":"2025-02-10T11:43:30","date_gmt":"2025-02-10T14:43:30","guid":{"rendered":"https:\/\/araps.com.br\/?p=1641"},"modified":"2025-02-10T11:43:31","modified_gmt":"2025-02-10T14:43:31","slug":"a-araps-agora-e-posto-de-atendimento-do-inss","status":"publish","type":"post","link":"https:\/\/araps.com.br\/index.php\/2025\/02\/10\/a-araps-agora-e-posto-de-atendimento-do-inss\/","title":{"rendered":"A ARAPS agora \u00e9 Posto de Atendimento do INSS"},"content":{"rendered":"\n<p>A partir de 2 de janeiro a ARAPS est\u00e1 operando um posto de atendimento do INSS em sua sede.<\/p>\n\n\n\n<p>Mais um servi\u00e7o prestado pela ARAPS aos associados e a popula\u00e7\u00e3o rioclarense.<\/p>\n\n\n\n<p>Para maiores informa\u00e7\u00f5es entre em contato com a secretaria: <a href=\"Telefone:\u00a0(19) 3533-8787\">(19)<\/a> 3533-8787<\/p>\n\n\n\n<p><\/p>\n","protected":false},"excerpt":{"rendered":"<p>A partir de 2 de janeiro a ARAPS est\u00e1 operando um posto de atendimento do INSS em sua sede. Mais<\/p>\n","protected":false},"author":1,"featured_media":1642,"comment_status":"open","ping_status":"open","sticky":false,"template":"","format":"standard","meta":{"colormag_page_container_layout":"default_layout","colormag_page_sidebar_layout":"default_layout","_exactmetrics_skip_tracking":false,"_exactmetrics_sitenote_active":false,"_exactmetrics_sitenote_note":"","_exactmetrics_sitenote_category":0,"_jetpack_memberships_contains_paid_content":false,"footnotes":"","jetpack_publicize_message":"","jetpack_publicize_feature_enabled":true,"jetpack_social_post_already_shared":true,"jetpack_social_options":{"image_generator_settings":{"template":"highway","default_image_id":0,"font":"","enabled":false},"version":2}},"categories":[15],"tags":[],"class_list":["post-1641","post","type-post","status-publish","format-standard","has-post-thumbnail","hentry","category-inss"],"jetpack_publicize_connections":[],"jetpack_featured_media_url":"https:\/\/i0.wp.com\/araps.com.br\/wp-content\/uploads\/2025\/02\/80651637_EC-Rio-de-Janeiroi-RJ-15-01-2019-Movimento-nas-agencias-do-INSS-Na-foto-agencia-da-Previden.jpg?fit=1086%2C652&ssl=1","jetpack-related-posts":[],"jetpack_sharing_enabled":true,"jetpack_likes_enabled":true,"_links":{"self":[{"href":"https:\/\/araps.com.br\/index.php\/wp-json\/wp\/v2\/posts\/1641","targetHints":{"allow":["GET"]}}],"collection":[{"href":"https:\/\/araps.com.br\/index.php\/wp-json\/wp\/v2\/posts"}],"about":[{"href":"https:\/\/araps.com.br\/index.php\/wp-json\/wp\/v2\/types\/post"}],"author":[{"embeddable":true,"href":"https:\/\/araps.com.br\/index.php\/wp-json\/wp\/v2\/users\/1"}],"replies":[{"embeddable":true,"href":"https:\/\/araps.com.br\/index.php\/wp-json\/wp\/v2\/comments?post=1641"}],"version-history":[{"count":1,"href":"https:\/\/araps.com.br\/index.php\/wp-json\/wp\/v2\/posts\/1641\/revisions"}],"predecessor-version":[{"id":1643,"href":"https:\/\/araps.com.br\/index.php\/wp-json\/wp\/v2\/posts\/1641\/revisions\/1643"}],"wp:featuredmedia":[{"embeddable":true,"href":"https:\/\/araps.com.br\/index.php\/wp-json\/wp\/v2\/media\/1642"}],"wp:attachment":[{"href":"https:\/\/araps.com.br\/index.php\/wp-json\/wp\/v2\/media?parent=1641"}],"wp:term":[{"taxonomy":"category","embeddable":true,"href":"https:\/\/araps.com.br\/index.php\/wp-json\/wp\/v2\/categories?post=1641"},{"taxonomy":"post_tag","embeddable":true,"href":"https:\/\/araps.com.br\/index.php\/wp-json\/wp\/v2\/tags?post=1641"}],"curies":[{"name":"wp","href":"https:\/\/api.w.org\/{rel}","templated":true}]}}