{"id":1704,"date":"2025-05-05T10:53:06","date_gmt":"2025-05-05T13:53:06","guid":{"rendered":"https:\/\/araps.com.br\/?p=1704"},"modified":"2025-05-05T10:53:08","modified_gmt":"2025-05-05T13:53:08","slug":"antecipacao-do-13-salario-em-2025","status":"publish","type":"post","link":"https:\/\/araps.com.br\/index.php\/2025\/05\/05\/antecipacao-do-13-salario-em-2025\/","title":{"rendered":"Antecipa\u00e7\u00e3o do 13\u00b0 sal\u00e1rio em 2025"},"content":{"rendered":"\n<p>A antecipa\u00e7\u00e3o do 13\u00b0 sal\u00e1rio em 2025 foi por solicita\u00e7\u00e3o do ministro da Previd\u00eancia Social, Carlos Lupi, com programa\u00e7\u00e3o do pagamento da primeira parcela junto com o beneficio pago de 24 de abril a 08 de maio. O benef\u00edcio atingir\u00e1 34,2 milh\u00f5es de aposentados pensionistas e benefici\u00e1rios de aux\u00edlios pagos pelo Instituto Nacional do Seguro Social (INSS). <\/p>\n\n\n\n<p>A segunda parcela sair\u00e1 junto com o calend\u00e1rio de mafo, que vai de 26 de maio a 6 de junho. <\/p>\n\n\n\n<p>A antecipa\u00e7\u00e3o do pagamento, que injetar\u00e1 R$ 73,3 bilh\u00f5es na economia, foi atrav\u00e9s do decreto presidencial publicado na edi\u00e7\u00e3o de 4 de abril do Di\u00e1rio Oficial da Uni\u00e3o. <\/p>\n\n\n\n<p>Para o ministro da Previd\u00eancia Social, Carlos Lupi, a entrada desse pagamento antecipado dar\u00e1 f\u00f4lego \u00e0 economia: -&#8220;Cada conta paga, cada compra de mercado ou de rem\u00e9dio, \u00e9 revertida em imposto, que volta para Os cofres do governo\u00a0federal&#8221;.<\/p>\n\n\n\n<p><\/p>\n","protected":false},"excerpt":{"rendered":"<p>A antecipa\u00e7\u00e3o do 13\u00b0 sal\u00e1rio em 2025 foi por solicita\u00e7\u00e3o do ministro da Previd\u00eancia Social, Carlos Lupi, com programa\u00e7\u00e3o do<\/p>\n","protected":false},"author":1,"featured_media":1705,"comment_status":"open","ping_status":"open","sticky":false,"template":"","format":"standard","meta":{"colormag_page_container_layout":"default_layout","colormag_page_sidebar_layout":"default_layout","_exactmetrics_skip_tracking":false,"_exactmetrics_sitenote_active":false,"_exactmetrics_sitenote_note":"","_exactmetrics_sitenote_category":0,"_jetpack_memberships_contains_paid_content":false,"footnotes":"","jetpack_publicize_message":"","jetpack_publicize_feature_enabled":true,"jetpack_social_post_already_shared":true,"jetpack_social_options":{"image_generator_settings":{"template":"highway","default_image_id":0,"font":"","enabled":false},"version":2}},"categories":[15],"tags":[103,60,49,54,47],"class_list":["post-1704","post","type-post","status-publish","format-standard","has-post-thumbnail","hentry","category-inss","tag-13o-salario-2","tag-aposentadoria","tag-aposentados","tag-araps","tag-inss"],"jetpack_publicize_connections":[],"jetpack_featured_media_url":"https:\/\/i0.wp.com\/araps.com.br\/wp-content\/uploads\/2025\/05\/previdencia-social-dinheiro-homem-fdr-6-2.jpg?fit=1200%2C675&ssl=1","jetpack-related-posts":[],"jetpack_sharing_enabled":true,"jetpack_likes_enabled":true,"_links":{"self":[{"href":"https:\/\/araps.com.br\/index.php\/wp-json\/wp\/v2\/posts\/1704","targetHints":{"allow":["GET"]}}],"collection":[{"href":"https:\/\/araps.com.br\/index.php\/wp-json\/wp\/v2\/posts"}],"about":[{"href":"https:\/\/araps.com.br\/index.php\/wp-json\/wp\/v2\/types\/post"}],"author":[{"embeddable":true,"href":"https:\/\/araps.com.br\/index.php\/wp-json\/wp\/v2\/users\/1"}],"replies":[{"embeddable":true,"href":"https:\/\/araps.com.br\/index.php\/wp-json\/wp\/v2\/comments?post=1704"}],"version-history":[{"count":1,"href":"https:\/\/araps.com.br\/index.php\/wp-json\/wp\/v2\/posts\/1704\/revisions"}],"predecessor-version":[{"id":1706,"href":"https:\/\/araps.com.br\/index.php\/wp-json\/wp\/v2\/posts\/1704\/revisions\/1706"}],"wp:featuredmedia":[{"embeddable":true,"href":"https:\/\/araps.com.br\/index.php\/wp-json\/wp\/v2\/media\/1705"}],"wp:attachment":[{"href":"https:\/\/araps.com.br\/index.php\/wp-json\/wp\/v2\/media?parent=1704"}],"wp:term":[{"taxonomy":"category","embeddable":true,"href":"https:\/\/araps.com.br\/index.php\/wp-json\/wp\/v2\/categories?post=1704"},{"taxonomy":"post_tag","embeddable":true,"href":"https:\/\/araps.com.br\/index.php\/wp-json\/wp\/v2\/tags?post=1704"}],"curies":[{"name":"wp","href":"https:\/\/api.w.org\/{rel}","templated":true}]}}