{"id":1764,"date":"2025-07-29T10:53:16","date_gmt":"2025-07-29T13:53:16","guid":{"rendered":"https:\/\/araps.com.br\/?p=1764"},"modified":"2025-07-29T10:53:18","modified_gmt":"2025-07-29T13:53:18","slug":"doencas-da-boca","status":"publish","type":"post","link":"https:\/\/araps.com.br\/index.php\/2025\/07\/29\/doencas-da-boca\/","title":{"rendered":"Doen\u00e7as da boca"},"content":{"rendered":"\n<p><strong>Periodontite<\/strong><br>Tamb\u00e9m conhecida como piorreia ou doen\u00e7a periodontal, \u00e9 uma inflama\u00e7\u00e3o cr\u00f4nica e infecciosa dos tecidos que suportam os dentes. \u00c9 a fase avan\u00e7ada da gengivite, onde a inflama\u00e7\u00e3o se estende al\u00e9m das gengivas, afetando o ligamento periodontal e o osso alveolar. Se n\u00e3o tratada, pode levar \u00e0 perda dos dentes. Como se manifesta: <\/p>\n\n\n\n<p><strong>&#8211; Perda \u00f3ssea:<\/strong> O osso que suporta os dentes \u00e9 gradualmente destru\u00eddo.<br><strong>\u2043 Afrouxamento e perda de dentes:<\/strong> Os dentes podem ficar soltos e, eventualmente, serem perdidos.<\/p>\n\n\n\n<p><strong>&#8211; Principais causas: <\/strong><br><strong>\u2043 M\u00e1 higiene bucal:<\/strong> Ac\u00famulo de placa bacteriana e t\u00e1rtaro, que irritam e inflamam as gengivas. <br><strong>\u2043 Fatores de risco:<\/strong> Diabetes, tabagismo, altera\u00e7\u00f5es hormonais, gen\u00e9tica e outras doen\u00e7as. <\/p>\n\n\n\n<p><strong>Tratamento:<\/strong><br>&#8211; Higiene bucal rigorosa: Escova\u00e7\u00e3o adequada, uso de fio dental e, se necess\u00e1rio, irrigador bucal. <br><strong>\u2043 Destartariza\u00e7\u00e3o e alisamento radicular:<\/strong> Remo\u00e7\u00e3o do t\u00e1rtaro e das bact\u00e9rias da superticie dos dentes e das ra\u00edzes.<br><strong>\u2043 Cirurgia periodontal:<\/strong> Em casos mais avan\u00e7ados, pode ser necess\u00e1rio realizar cirurgias para corrigir a perda \u00f3ssea e a retra\u00e7\u00e3o\u00a0da\u00a0gengiva.<\/p>\n\n\n\n<p><\/p>\n","protected":false},"excerpt":{"rendered":"<p>PeriodontiteTamb\u00e9m conhecida como piorreia ou doen\u00e7a periodontal, \u00e9 uma inflama\u00e7\u00e3o cr\u00f4nica e infecciosa dos tecidos que suportam os dentes. \u00c9<\/p>\n","protected":false},"author":1,"featured_media":1765,"comment_status":"open","ping_status":"open","sticky":false,"template":"","format":"standard","meta":{"colormag_page_container_layout":"default_layout","colormag_page_sidebar_layout":"default_layout","_exactmetrics_skip_tracking":false,"_exactmetrics_sitenote_active":false,"_exactmetrics_sitenote_note":"","_exactmetrics_sitenote_category":0,"_jetpack_memberships_contains_paid_content":false,"footnotes":"","jetpack_publicize_message":"","jetpack_publicize_feature_enabled":true,"jetpack_social_post_already_shared":true,"jetpack_social_options":{"image_generator_settings":{"template":"highway","default_image_id":0,"font":"","enabled":false},"version":2}},"categories":[16],"tags":[49,135,134],"class_list":["post-1764","post","type-post","status-publish","format-standard","has-post-thumbnail","hentry","category-saude","tag-aposentados","tag-doencas-da-boca","tag-saude-bocal"],"jetpack_publicize_connections":[],"jetpack_featured_media_url":"https:\/\/i0.wp.com\/araps.com.br\/wp-content\/uploads\/2025\/07\/Saude-bucal-do-idoso-veja-cuidados-com-os-dentes-na-terceira-idade-2-scaled-1.jpeg?fit=1200%2C800&ssl=1","jetpack-related-posts":[],"jetpack_sharing_enabled":true,"jetpack_likes_enabled":true,"_links":{"self":[{"href":"https:\/\/araps.com.br\/index.php\/wp-json\/wp\/v2\/posts\/1764","targetHints":{"allow":["GET"]}}],"collection":[{"href":"https:\/\/araps.com.br\/index.php\/wp-json\/wp\/v2\/posts"}],"about":[{"href":"https:\/\/araps.com.br\/index.php\/wp-json\/wp\/v2\/types\/post"}],"author":[{"embeddable":true,"href":"https:\/\/araps.com.br\/index.php\/wp-json\/wp\/v2\/users\/1"}],"replies":[{"embeddable":true,"href":"https:\/\/araps.com.br\/index.php\/wp-json\/wp\/v2\/comments?post=1764"}],"version-history":[{"count":1,"href":"https:\/\/araps.com.br\/index.php\/wp-json\/wp\/v2\/posts\/1764\/revisions"}],"predecessor-version":[{"id":1766,"href":"https:\/\/araps.com.br\/index.php\/wp-json\/wp\/v2\/posts\/1764\/revisions\/1766"}],"wp:featuredmedia":[{"embeddable":true,"href":"https:\/\/araps.com.br\/index.php\/wp-json\/wp\/v2\/media\/1765"}],"wp:attachment":[{"href":"https:\/\/araps.com.br\/index.php\/wp-json\/wp\/v2\/media?parent=1764"}],"wp:term":[{"taxonomy":"category","embeddable":true,"href":"https:\/\/araps.com.br\/index.php\/wp-json\/wp\/v2\/categories?post=1764"},{"taxonomy":"post_tag","embeddable":true,"href":"https:\/\/araps.com.br\/index.php\/wp-json\/wp\/v2\/tags?post=1764"}],"curies":[{"name":"wp","href":"https:\/\/api.w.org\/{rel}","templated":true}]}}