{"id":2033,"date":"2026-01-27T15:32:47","date_gmt":"2026-01-27T18:32:47","guid":{"rendered":"https:\/\/araps.com.br\/?p=2033"},"modified":"2026-01-27T15:32:48","modified_gmt":"2026-01-27T18:32:48","slug":"presidente-norma-lopes-goncalves-inspira-em-participacao-no-bessanicast","status":"publish","type":"post","link":"https:\/\/araps.com.br\/index.php\/2026\/01\/27\/presidente-norma-lopes-goncalves-inspira-em-participacao-no-bessanicast\/","title":{"rendered":"Presidente Norma Lopes Gon\u00e7alves inspira em participa\u00e7\u00e3o no BessaniCast"},"content":{"rendered":"\n<p>A trajet\u00f3ria de dedica\u00e7\u00e3o e o olhar vision\u00e1rio da presidente da <strong>ARAPS (Associa\u00e7\u00e3o de Rio Claro de Aposentados e Pensionistas), Norma Lopes Gon\u00e7alves<\/strong>, foram o tema central do epis\u00f3dio #236 do podcast <strong>BessaniCast<\/strong>. Sob o t\u00edtulo &#8220;<strong>For\u00e7a que Inspira: Aposentadoria como Tempo de Novos Projetos<\/strong>&#8220;, a entrevista trouxe detalhes emocionantes sobre a vida de Norma e os avan\u00e7os da associa\u00e7\u00e3o sob sua lideran\u00e7a.<\/p>\n\n\n\n<p><strong>Uma Vida de Prop\u00f3sito<\/strong><br>Durante a conversa com os apresentadores Jo\u00e3o Marcos e Roman Bessani, Norma compartilhou mem\u00f3rias de sua carreira, desde o in\u00edcio no setor sindical em S\u00e3o Paulo at\u00e9 sua escolha por Rio Claro para desfrutar da aposentadoria. No entanto, o que seria um tempo de descanso tornou-se uma miss\u00e3o: h\u00e1 25 anos \u00e0 frente da ARAPS, ela transformou a entidade em um pilar de apoio para os aposentados da regi\u00e3o.<\/p>\n\n\n\n<p><strong>Conquistas e Novos Projetos: O Residencial ARAPS<\/strong><br>Um dos pontos altos do epis\u00f3dio foi a discuss\u00e3o sobre o crescimento da associa\u00e7\u00e3o. Norma relembrou a transi\u00e7\u00e3o da sede alugada para a compra da sede pr\u00f3pria na Rua 1 e a <strong>expans\u00e3o para o ambicioso projeto do Residencial ARAPS, na Vila Paulista.<\/strong><\/p>\n\n\n\n<p>Este novo espa\u00e7o foi idealizado como um <strong>&#8220;apart-hotel&#8221;<\/strong> para aposentados que buscam autonomia, mas desejam a seguran\u00e7a e a socializa\u00e7\u00e3o de uma comunidade, combatendo a solid\u00e3o e oferecendo qualidade de vida. <strong>A previs\u00e3o \u00e9 que a obra seja inaugurada ainda no primeiro semestre de 2026.<\/strong><\/p>\n\n\n\n<p><strong>Benef\u00edcios e Uni\u00e3o<\/strong><br>A presidente tamb\u00e9m refor\u00e7ou a import\u00e2ncia da uni\u00e3o da classe. <em>&#8220;O ser humano n\u00e3o pode viver sozinho, um precisa do outro<\/em>&#8220;, afirmou Norma. Ela destacou os benef\u00edcios oferecidos pela ARAPS, que incluem:<\/p>\n\n\n\n<ul class=\"wp-block-list\">\n<li>Assist\u00eancia Jur\u00eddica especializada;<\/li>\n\n\n\n<li>Atendimento Odontol\u00f3gico e M\u00e9dico ;<\/li>\n\n\n\n<li>Conv\u00eanios de Sa\u00fade e Funer\u00e1rios com valores acess\u00edveis;<\/li>\n\n\n\n<li>Servi\u00e7os de Cabeleireiro e integra\u00e7\u00e3o social.<\/li>\n<\/ul>\n\n\n\n<p><strong>Assista ao Epis\u00f3dio Completo<\/strong><br>Para quem deseja conhecer mais sobre a hist\u00f3ria desta l\u00edder que \u00e9 exemplo de vitalidade e gest\u00e3o, o v\u00eddeo completo est\u00e1 dispon\u00edvel no canal do <strong>YouTube do BessaniCast<\/strong>.<\/p>\n\n\n\n<figure class=\"wp-block-embed is-type-video is-provider-youtube wp-block-embed-youtube wp-embed-aspect-16-9 wp-has-aspect-ratio\"><div class=\"wp-block-embed__wrapper\">\n<iframe title=\"For\u00e7a que Inspira: Aposentadoria como Tempo de Novos Projetos | Norma Lopes EP #236\" width=\"800\" height=\"450\" src=\"https:\/\/www.youtube.com\/embed\/Xnoi7kBuw04?feature=oembed\" frameborder=\"0\" allow=\"accelerometer; autoplay; clipboard-write; encrypted-media; gyroscope; picture-in-picture; web-share\" referrerpolicy=\"strict-origin-when-cross-origin\" allowfullscreen><\/iframe>\n<\/div><\/figure>\n","protected":false},"excerpt":{"rendered":"<p>A trajet\u00f3ria de dedica\u00e7\u00e3o e o olhar vision\u00e1rio da presidente da ARAPS (Associa\u00e7\u00e3o de Rio Claro de Aposentados e Pensionistas),<\/p>\n","protected":false},"author":1,"featured_media":2034,"comment_status":"open","ping_status":"open","sticky":false,"template":"","format":"standard","meta":{"colormag_page_container_layout":"default_layout","colormag_page_sidebar_layout":"default_layout","_exactmetrics_skip_tracking":false,"_exactmetrics_sitenote_active":false,"_exactmetrics_sitenote_note":"","_exactmetrics_sitenote_category":0,"_jetpack_memberships_contains_paid_content":false,"footnotes":"","jetpack_publicize_message":"","jetpack_publicize_feature_enabled":true,"jetpack_social_post_already_shared":true,"jetpack_social_options":{"image_generator_settings":{"template":"highway","default_image_id":0,"font":"","enabled":false},"version":2}},"categories":[3],"tags":[74,138,139,137,140],"class_list":["post-2033","post","type-post","status-publish","format-standard","has-post-thumbnail","hentry","category-rio-claro","tag-entrevista","tag-entrevista-norma-lopes","tag-norma-lopes-goncalves","tag-podcast","tag-residencial-araps"],"jetpack_publicize_connections":[],"jetpack_featured_media_url":"https:\/\/i0.wp.com\/araps.com.br\/wp-content\/uploads\/2026\/01\/normabessani.png?fit=1600%2C890&ssl=1","jetpack-related-posts":[],"jetpack_sharing_enabled":true,"jetpack_likes_enabled":true,"_links":{"self":[{"href":"https:\/\/araps.com.br\/index.php\/wp-json\/wp\/v2\/posts\/2033","targetHints":{"allow":["GET"]}}],"collection":[{"href":"https:\/\/araps.com.br\/index.php\/wp-json\/wp\/v2\/posts"}],"about":[{"href":"https:\/\/araps.com.br\/index.php\/wp-json\/wp\/v2\/types\/post"}],"author":[{"embeddable":true,"href":"https:\/\/araps.com.br\/index.php\/wp-json\/wp\/v2\/users\/1"}],"replies":[{"embeddable":true,"href":"https:\/\/araps.com.br\/index.php\/wp-json\/wp\/v2\/comments?post=2033"}],"version-history":[{"count":1,"href":"https:\/\/araps.com.br\/index.php\/wp-json\/wp\/v2\/posts\/2033\/revisions"}],"predecessor-version":[{"id":2035,"href":"https:\/\/araps.com.br\/index.php\/wp-json\/wp\/v2\/posts\/2033\/revisions\/2035"}],"wp:featuredmedia":[{"embeddable":true,"href":"https:\/\/araps.com.br\/index.php\/wp-json\/wp\/v2\/media\/2034"}],"wp:attachment":[{"href":"https:\/\/araps.com.br\/index.php\/wp-json\/wp\/v2\/media?parent=2033"}],"wp:term":[{"taxonomy":"category","embeddable":true,"href":"https:\/\/araps.com.br\/index.php\/wp-json\/wp\/v2\/categories?post=2033"},{"taxonomy":"post_tag","embeddable":true,"href":"https:\/\/araps.com.br\/index.php\/wp-json\/wp\/v2\/tags?post=2033"}],"curies":[{"name":"wp","href":"https:\/\/api.w.org\/{rel}","templated":true}]}}