{"id":680,"date":"2021-09-28T15:35:43","date_gmt":"2021-09-28T18:35:43","guid":{"rendered":"https:\/\/araps.com.br\/?p=680"},"modified":"2022-01-06T09:14:25","modified_gmt":"2022-01-06T12:14:25","slug":"romaria-nacional-dos-aposentados-sera-realizada-no-dia-30-01-2022","status":"publish","type":"post","link":"https:\/\/araps.com.br\/index.php\/2021\/09\/28\/romaria-nacional-dos-aposentados-sera-realizada-no-dia-30-01-2022\/","title":{"rendered":"Romaria Nacional dos Aposentados ser\u00e1 realizada no dia 30\/01\/2022"},"content":{"rendered":"\n<p>Ap\u00f3s um ano at\u00edpico, sem a realiza\u00e7\u00e3o do evento mais tradicional da categoria, a Romaria Nacional dos Aposentados j\u00e1 tem data marcada: 30 de janeiro de 2022. O presidente da Federa\u00e7\u00e3o dos Aposentados e Pensionistas do Estado de S\u00e3o Paulo (FAPESP), Ant\u00f4nio Alves, esteve na Bas\u00edlica de Aparecida (SP) para acertar a organiza\u00e7\u00e3o e retomada da tradicional missa em homenagem aos aposentados.<\/p>\n\n\n\n<p>Com as atividades suspensas em mar\u00e7o de 2020, devido \u00e0 pandemia do COVID-19, a Bas\u00edlica teve sua retomada gradual em abril deste ano e continuar\u00e1 funcionando com o n\u00famero reduzido de pessoas. Capacitada para atender 35 mil pessoas, a Bas\u00edlica determina agora a presen\u00e7a de 2,6 mil fi\u00e9is por vez.<\/p>\n\n\n\n<p>A Romaria Nacional dos Aposentados \u00e9 tamb\u00e9m, tradicionalmente, o primeiro encontro da categoria, que re\u00fane aposentados de todo o pa\u00eds.<\/p>\n\n\n\n<p>A COBAP, FAPESP e a ARAPS convidam associados e familiares para participarem desse grandioso evento, realizado em alus\u00e3o ao Dia Nacional do Aposentado (24\/01).<\/p>\n\n\n\n<p class=\"has-vivid-red-color has-text-color\"><strong>SANTA MISSA em homenagem aos Aposentados: 30\/01\/2022 &#8211; 8h00<br>Ap\u00f3s a missa: ato nacional subsolo da Bas\u00edlica de Aparecida<\/strong><\/p>\n","protected":false},"excerpt":{"rendered":"<p>Ap\u00f3s um ano at\u00edpico, sem a realiza\u00e7\u00e3o do evento mais tradicional da categoria, a Romaria Nacional dos Aposentados j\u00e1 tem<\/p>\n","protected":false},"author":1,"featured_media":681,"comment_status":"open","ping_status":"open","sticky":true,"template":"","format":"standard","meta":{"colormag_page_container_layout":"default_layout","colormag_page_sidebar_layout":"default_layout","_exactmetrics_skip_tracking":false,"_exactmetrics_sitenote_active":false,"_exactmetrics_sitenote_note":"","_exactmetrics_sitenote_category":0,"_jetpack_memberships_contains_paid_content":false,"footnotes":"","jetpack_publicize_message":"","jetpack_publicize_feature_enabled":true,"jetpack_social_post_already_shared":true,"jetpack_social_options":{"image_generator_settings":{"template":"highway","default_image_id":0,"font":"","enabled":false},"version":2}},"categories":[2,14,23,3],"tags":[58,54,40,57],"class_list":["post-680","post","type-post","status-publish","format-standard","has-post-thumbnail","hentry","category-araps","category-brasil","category-eventos","category-rio-claro","tag-aparecida","tag-araps","tag-covid-19","tag-romaria"],"jetpack_publicize_connections":[],"jetpack_featured_media_url":"https:\/\/i0.wp.com\/araps.com.br\/wp-content\/uploads\/2021\/09\/Peregrinacao-2019.png?fit=800%2C445&ssl=1","jetpack-related-posts":[],"jetpack_sharing_enabled":true,"jetpack_likes_enabled":true,"_links":{"self":[{"href":"https:\/\/araps.com.br\/index.php\/wp-json\/wp\/v2\/posts\/680","targetHints":{"allow":["GET"]}}],"collection":[{"href":"https:\/\/araps.com.br\/index.php\/wp-json\/wp\/v2\/posts"}],"about":[{"href":"https:\/\/araps.com.br\/index.php\/wp-json\/wp\/v2\/types\/post"}],"author":[{"embeddable":true,"href":"https:\/\/araps.com.br\/index.php\/wp-json\/wp\/v2\/users\/1"}],"replies":[{"embeddable":true,"href":"https:\/\/araps.com.br\/index.php\/wp-json\/wp\/v2\/comments?post=680"}],"version-history":[{"count":1,"href":"https:\/\/araps.com.br\/index.php\/wp-json\/wp\/v2\/posts\/680\/revisions"}],"predecessor-version":[{"id":682,"href":"https:\/\/araps.com.br\/index.php\/wp-json\/wp\/v2\/posts\/680\/revisions\/682"}],"wp:featuredmedia":[{"embeddable":true,"href":"https:\/\/araps.com.br\/index.php\/wp-json\/wp\/v2\/media\/681"}],"wp:attachment":[{"href":"https:\/\/araps.com.br\/index.php\/wp-json\/wp\/v2\/media?parent=680"}],"wp:term":[{"taxonomy":"category","embeddable":true,"href":"https:\/\/araps.com.br\/index.php\/wp-json\/wp\/v2\/categories?post=680"},{"taxonomy":"post_tag","embeddable":true,"href":"https:\/\/araps.com.br\/index.php\/wp-json\/wp\/v2\/tags?post=680"}],"curies":[{"name":"wp","href":"https:\/\/api.w.org\/{rel}","templated":true}]}}