{"id":686,"date":"2021-09-28T15:42:20","date_gmt":"2021-09-28T18:42:20","guid":{"rendered":"https:\/\/araps.com.br\/?p=686"},"modified":"2021-09-28T15:42:25","modified_gmt":"2021-09-28T18:42:25","slug":"governo-propoe-salario-minimo-de-r-1-169-em-2022-sem-aumento-real","status":"publish","type":"post","link":"https:\/\/araps.com.br\/index.php\/2021\/09\/28\/governo-propoe-salario-minimo-de-r-1-169-em-2022-sem-aumento-real\/","title":{"rendered":"Governo prop\u00f5e sal\u00e1rio m\u00ednimo de R$ 1.169 em 2022, sem aumento real."},"content":{"rendered":"\n<p>O governo federal encaminhou ao Congresso, no dia 31de agosto, o PLOA (Projeto de Lei Or\u00e7ament\u00e1ria Anual) de 2022. O texto prev\u00ea que o sal\u00e1rio m\u00ednimo passe dos atuais R$ 1.100 para R$ 1.169, uma alta de 6,27%.\u00a0 Para a corre\u00e7\u00e3o, o governo considera que o INPC (\u00cdndice Nacional de Pre\u00e7os ao Consumidor) deve ficar em 6,2% em 2022. Ou seja, a proje\u00e7\u00e3o para o reajuste do \u00a0m\u00ednimo rep\u00f5e apenas a infla\u00e7\u00e3o, sem \u00a0\u00a0aumento real. <\/p>\n\n\n\n<p>A corre\u00e7\u00e3o prevista no PLOA \u00e9 maior do que a inicialmente estimada pelo governo na LDO (Lei de Diretrizes Or\u00e7ament\u00e1rias) de 2022.<\/p>\n\n\n\n<p>A diferen\u00e7a entre a proje\u00e7\u00e3o da LDO e do PLOA ocorre porque o governo define o valor da corre\u00e7\u00e3o do sal\u00e1rio m\u00ednimo a partir da infla\u00e7\u00e3o do ano anterior. Neste caso, como o Or\u00e7amento \u00e9 de 2022, o \u00edndice a ser considerado \u00e9 o referente a 2021. Como o ano ainda n\u00e3o terminou, a proposta de reajuste \u00e9 feita a partir das estimativas de infla\u00e7\u00e3o, que v\u00eam\u00a0aumentando ao longo do ano.\u00a0\u00a0\u00a0\u00a0\u00a0\u00a0\u00a0\u00a0\u00a0\u00a0\u00a0\u00a0\u00a0\u00a0\u00a0\u00a0\u00a0<\/p>\n\n\n\n<p>O reajuste peri\u00f3dico do sal\u00e1rio m\u00ednimo \u00e9 previsto na Constitui\u00e7\u00e3o, com o objetivo de preservar o poder de compra das pessoas.<\/p>\n\n\n\n<p>A conta agora \u00e9 mais para direcionar o volume de despesas no Or\u00e7amento.<\/p>\n","protected":false},"excerpt":{"rendered":"<p>O governo federal encaminhou ao Congresso, no dia 31de agosto, o PLOA (Projeto de Lei Or\u00e7ament\u00e1ria Anual) de 2022. O<\/p>\n","protected":false},"author":1,"featured_media":687,"comment_status":"open","ping_status":"open","sticky":false,"template":"","format":"standard","meta":{"colormag_page_container_layout":"default_layout","colormag_page_sidebar_layout":"default_layout","_exactmetrics_skip_tracking":false,"_exactmetrics_sitenote_active":false,"_exactmetrics_sitenote_note":"","_exactmetrics_sitenote_category":0,"_jetpack_memberships_contains_paid_content":false,"footnotes":"","jetpack_publicize_message":"","jetpack_publicize_feature_enabled":true,"jetpack_social_post_already_shared":true,"jetpack_social_options":{"image_generator_settings":{"template":"highway","default_image_id":0,"font":"","enabled":false},"version":2}},"categories":[14,26],"tags":[60,59],"class_list":["post-686","post","type-post","status-publish","format-standard","has-post-thumbnail","hentry","category-brasil","category-politica","tag-aposentadoria","tag-salario-minimo"],"jetpack_publicize_connections":[],"jetpack_featured_media_url":"https:\/\/i0.wp.com\/araps.com.br\/wp-content\/uploads\/2021\/09\/moeda.png?fit=800%2C444&ssl=1","jetpack-related-posts":[],"jetpack_sharing_enabled":true,"jetpack_likes_enabled":true,"_links":{"self":[{"href":"https:\/\/araps.com.br\/index.php\/wp-json\/wp\/v2\/posts\/686","targetHints":{"allow":["GET"]}}],"collection":[{"href":"https:\/\/araps.com.br\/index.php\/wp-json\/wp\/v2\/posts"}],"about":[{"href":"https:\/\/araps.com.br\/index.php\/wp-json\/wp\/v2\/types\/post"}],"author":[{"embeddable":true,"href":"https:\/\/araps.com.br\/index.php\/wp-json\/wp\/v2\/users\/1"}],"replies":[{"embeddable":true,"href":"https:\/\/araps.com.br\/index.php\/wp-json\/wp\/v2\/comments?post=686"}],"version-history":[{"count":1,"href":"https:\/\/araps.com.br\/index.php\/wp-json\/wp\/v2\/posts\/686\/revisions"}],"predecessor-version":[{"id":688,"href":"https:\/\/araps.com.br\/index.php\/wp-json\/wp\/v2\/posts\/686\/revisions\/688"}],"wp:featuredmedia":[{"embeddable":true,"href":"https:\/\/araps.com.br\/index.php\/wp-json\/wp\/v2\/media\/687"}],"wp:attachment":[{"href":"https:\/\/araps.com.br\/index.php\/wp-json\/wp\/v2\/media?parent=686"}],"wp:term":[{"taxonomy":"category","embeddable":true,"href":"https:\/\/araps.com.br\/index.php\/wp-json\/wp\/v2\/categories?post=686"},{"taxonomy":"post_tag","embeddable":true,"href":"https:\/\/araps.com.br\/index.php\/wp-json\/wp\/v2\/tags?post=686"}],"curies":[{"name":"wp","href":"https:\/\/api.w.org\/{rel}","templated":true}]}}