{"id":696,"date":"2021-10-01T15:58:20","date_gmt":"2021-10-01T18:58:20","guid":{"rendered":"https:\/\/araps.com.br\/?p=696"},"modified":"2021-10-01T15:58:23","modified_gmt":"2021-10-01T18:58:23","slug":"dia-nacional-do-idoso-e-dia-internacional-da-terceira-idade-a-jornada-para-a-igualdade","status":"publish","type":"post","link":"https:\/\/araps.com.br\/index.php\/2021\/10\/01\/dia-nacional-do-idoso-e-dia-internacional-da-terceira-idade-a-jornada-para-a-igualdade\/","title":{"rendered":"Dia Nacional do Idoso e Dia Internacional da Terceira Idade: \u201cA jornada para a igualdade\u201d"},"content":{"rendered":"\n<p>Fonte: <a href=\"https:\/\/bvsms.saude.gov.br\/01-10-dia-nacional-do-idoso-e-dia-internacional-da-terceira-idade-a-jornada-para-a-igualdade\/\" target=\"_blank\" rel=\"noreferrer noopener\">https:\/\/bvsms.saude.gov.br\/01-10-dia-nacional-do-idoso-e-dia-internacional-da-terceira-idade-a-jornada-para-a-igualdade\/<\/a><\/p>\n\n\n\n<p>O processo demogr\u00e1fico mundial passa por uma transi\u00e7\u00e3o \u00fanica e irrevers\u00edvel, resultando em mais popula\u00e7\u00f5es idosas em todos os lugares. \u00c0 medida em que as taxas de fertilidade diminuem, a propor\u00e7\u00e3o de pessoas com 60 anos ou mais hoje deve triplicar, alcan\u00e7ando cerca de dois bilh\u00f5es em 2050. Na maioria dos pa\u00edses, o n\u00famero de pessoas acima dos 80 anos deve quadruplicar para quase 400 milh\u00f5es.<\/p>\n\n\n\n<p>A&nbsp;<a href=\"https:\/\/nacoesunidas.org\/wp-content\/uploads\/2015\/10\/agenda2030-pt-br.pdf\" target=\"_blank\" rel=\"noopener\">Agenda 2030<\/a>&nbsp;e os Objetivos de Desenvolvimento Sustent\u00e1vel (ODS) reconhecem que o desenvolvimento s\u00f3 ser\u00e1 poss\u00edvel se for inclusivo para todas as idades. O tema de 2019 concentra-se na necessidade de reduzir a desigualdade dentro e entre os pa\u00edses; visa garantir a igualdade de oportunidades por meio de medidas para eliminar a discrimina\u00e7\u00e3o, capacitar e promover a inclus\u00e3o social, econ\u00f4mica e pol\u00edtica de todos, independentemente de idade, sexo, defici\u00eancia, ra\u00e7a, etnia, origem, religi\u00e3o, status econ\u00f4mico ou outro.<\/p>\n\n\n\n<p>Atualmente no Brasil, os idosos representam 14,3% da popula\u00e7\u00e3o, ou seja, 29,3 milh\u00f5es de pessoas. Em 2030, o n\u00famero de idosos deve superar o de crian\u00e7as e adolescentes de zero a quatorze anos. Em sete d\u00e9cadas, a m\u00e9dia de vida do brasileiro aumentou 30 anos, saindo de 45,4 anos em 1940, para 75,4 anos em 2015. O envelhecimento da popula\u00e7\u00e3o tem impactos importantes na sa\u00fade, apontando para a import\u00e2ncia da organiza\u00e7\u00e3o da rede de aten\u00e7\u00e3o \u00e0 sa\u00fade.<\/p>\n\n\n\n<p>Criada em 1991 por iniciativa da Organiza\u00e7\u00e3o das Na\u00e7\u00f5es Unidas (ONU), a data refor\u00e7a os termos da Resolu\u00e7\u00e3o 46, que objetiva sensibilizar a sociedade mundial para as quest\u00f5es do envelhecimento, destacando a necessidade de prote\u00e7\u00e3o e de cuidados para com essa popula\u00e7\u00e3o.<\/p>\n\n\n\n<p>No Brasil, em 1\u00ba de outubro de 2003, foi aprovada a&nbsp;<a href=\"http:\/\/www.planalto.gov.br\/ccivil_03\/leis\/2003\/l10.741.htm\" target=\"_blank\" rel=\"noopener\">Lei n\u00ba 10.741<\/a>&nbsp;(Estatuto do Idoso),&nbsp;prevendo em seu art. 2\u00ba que, ao idoso sejam garantidas todas as oportunidades e facilidades para a preserva\u00e7\u00e3o de sua sa\u00fade f\u00edsica e mental e seu aperfei\u00e7oamento moral, intelectual, espiritual e social, em condi\u00e7\u00f5es de liberdade e dignidade. No art. 3\u00ba, o Estatuto ressalta que \u00e9 obriga\u00e7\u00e3o da fam\u00edlia, da comunidade, da sociedade e do Poder P\u00fablico assegurar ao idoso, com absoluta prioridade, a efetiva\u00e7\u00e3o do direito \u00e0 vida, \u00e0 sa\u00fade, \u00e0 alimenta\u00e7\u00e3o, \u00e0 educa\u00e7\u00e3o, \u00e0 cultura, ao esporte, ao lazer, ao trabalho, \u00e0 cidadania, \u00e0 liberdade, \u00e0 dignidade, ao respeito e \u00e0 conviv\u00eancia familiar e comunit\u00e1ria.<\/p>\n\n\n\n<p>A Organiza\u00e7\u00e3o Mundial da Sa\u00fade (OMS) classifica como idosos as pessoas com mais de 65 anos de idade em pa\u00edses desenvolvidos e com mais de 60 anos nos pa\u00edses em desenvolvimento.<\/p>\n\n\n\n<p><strong>Principais objetivos:<\/strong><\/p>\n\n\n\n<p>\u2013 chamar a aten\u00e7\u00e3o para a exist\u00eancia de desigualdades, geralmente como resultado de uma acumula\u00e7\u00e3o de desvantagens ao longo da vida;<br>\u2013 aproveitar as experi\u00eancias e o aprendizado ao longo da vida dos cidad\u00e3os da chamada terceira idade criando pol\u00edticas proativas e adaptativas de trabalho, promovendo prote\u00e7\u00e3o social e dando acesso \u00e0 cobertura universal de sa\u00fade;<br>\u2013 refletir sobre as melhores pr\u00e1ticas, li\u00e7\u00f5es e progressos para mudar as narrativas e estere\u00f3tipos negativos que envolvem a velhice.<\/p>\n\n\n\n<p><strong>Fontes:<\/strong><\/p>\n\n\n\n<p><a href=\"http:\/\/www.blog.saude.gov.br\/index.php\/promocao-da-saude\/53550-no-dia-internacional-do-idoso-estudo-inedito-revela-dados-sobre-o-perfil-de-envelhecimento-da-populacao-no-brasil-2\" target=\"_blank\" rel=\"noopener\">Blog da Sa\u00fade<\/a><\/p>\n\n\n\n<p><a href=\"http:\/\/www.sds.sc.gov.br\/index.php?option=com_docman&amp;view=document&amp;alias=1421-texto-dia-internacional-do-idoso&amp;category_slug=cei&amp;Itemid=812\" target=\"_blank\" rel=\"noopener\">Conselho Estadual do Idoso de Santa Catarina<\/a><\/p>\n\n\n\n<p><a href=\"https:\/\/nacoesunidas.org\/acao\/pessoas-idosas\/\" target=\"_blank\" rel=\"noopener\">Na\u00e7\u00f5es Unidas: A ONU e as pessoas idosas<\/a><\/p>\n\n\n\n<p><a href=\"https:\/\/www.paho.org\/bra\/index.php?option=com_content&amp;view=article&amp;id=5625;brasil-lanca-estrategia-para-melhorar-vida-de-idosos-com-base-em-recomendacoes-da-oms&amp;Itemid=820\" target=\"_blank\" rel=\"noopener\">Organiza\u00e7\u00e3o Panamericana da Sa\u00fade<\/a><\/p>\n\n\n\n<p><a href=\"https:\/\/www.un.org\/en\/events\/olderpersonsday\/\" target=\"_blank\" rel=\"noopener\">United Nations: Older Persons Day 2019<\/a><\/p>\n","protected":false},"excerpt":{"rendered":"<p>Fonte: https:\/\/bvsms.saude.gov.br\/01-10-dia-nacional-do-idoso-e-dia-internacional-da-terceira-idade-a-jornada-para-a-igualdade\/ O processo demogr\u00e1fico mundial passa por uma transi\u00e7\u00e3o \u00fanica e irrevers\u00edvel, resultando em mais popula\u00e7\u00f5es idosas em todos<\/p>\n","protected":false},"author":1,"featured_media":697,"comment_status":"open","ping_status":"open","sticky":false,"template":"","format":"standard","meta":{"colormag_page_container_layout":"default_layout","colormag_page_sidebar_layout":"default_layout","_exactmetrics_skip_tracking":false,"_exactmetrics_sitenote_active":false,"_exactmetrics_sitenote_note":"","_exactmetrics_sitenote_category":0,"_jetpack_memberships_contains_paid_content":false,"footnotes":"","jetpack_publicize_message":"","jetpack_publicize_feature_enabled":true,"jetpack_social_post_already_shared":true,"jetpack_social_options":{"image_generator_settings":{"template":"highway","default_image_id":0,"font":"","enabled":false},"version":2}},"categories":[14,16],"tags":[63,42],"class_list":["post-696","post","type-post","status-publish","format-standard","has-post-thumbnail","hentry","category-brasil","category-saude","tag-dia-do-idoso","tag-saude"],"jetpack_publicize_connections":[],"jetpack_featured_media_url":"https:\/\/i0.wp.com\/araps.com.br\/wp-content\/uploads\/2021\/10\/diadoidoso.png?fit=800%2C445&ssl=1","jetpack-related-posts":[],"jetpack_sharing_enabled":true,"jetpack_likes_enabled":true,"_links":{"self":[{"href":"https:\/\/araps.com.br\/index.php\/wp-json\/wp\/v2\/posts\/696","targetHints":{"allow":["GET"]}}],"collection":[{"href":"https:\/\/araps.com.br\/index.php\/wp-json\/wp\/v2\/posts"}],"about":[{"href":"https:\/\/araps.com.br\/index.php\/wp-json\/wp\/v2\/types\/post"}],"author":[{"embeddable":true,"href":"https:\/\/araps.com.br\/index.php\/wp-json\/wp\/v2\/users\/1"}],"replies":[{"embeddable":true,"href":"https:\/\/araps.com.br\/index.php\/wp-json\/wp\/v2\/comments?post=696"}],"version-history":[{"count":1,"href":"https:\/\/araps.com.br\/index.php\/wp-json\/wp\/v2\/posts\/696\/revisions"}],"predecessor-version":[{"id":698,"href":"https:\/\/araps.com.br\/index.php\/wp-json\/wp\/v2\/posts\/696\/revisions\/698"}],"wp:featuredmedia":[{"embeddable":true,"href":"https:\/\/araps.com.br\/index.php\/wp-json\/wp\/v2\/media\/697"}],"wp:attachment":[{"href":"https:\/\/araps.com.br\/index.php\/wp-json\/wp\/v2\/media?parent=696"}],"wp:term":[{"taxonomy":"category","embeddable":true,"href":"https:\/\/araps.com.br\/index.php\/wp-json\/wp\/v2\/categories?post=696"},{"taxonomy":"post_tag","embeddable":true,"href":"https:\/\/araps.com.br\/index.php\/wp-json\/wp\/v2\/tags?post=696"}],"curies":[{"name":"wp","href":"https:\/\/api.w.org\/{rel}","templated":true}]}}