{"id":723,"date":"2021-10-25T14:00:48","date_gmt":"2021-10-25T17:00:48","guid":{"rendered":"https:\/\/araps.com.br\/?p=723"},"modified":"2021-10-25T14:00:53","modified_gmt":"2021-10-25T17:00:53","slug":"projeto-que-preve-14o-para-aposentados-recebe-parecer-favoravel-em-comissao","status":"publish","type":"post","link":"https:\/\/araps.com.br\/index.php\/2021\/10\/25\/projeto-que-preve-14o-para-aposentados-recebe-parecer-favoravel-em-comissao\/","title":{"rendered":"Projeto que prev\u00ea 14\u00ba para aposentados recebe parecer favor\u00e1vel em comiss\u00e3o"},"content":{"rendered":"\n<p>Proposta visa pagar abono salarial para benefici\u00e1rios do INSS em car\u00e1ter excepcional, at\u00e9 2023.<\/p>\n\n\n\n<p>O Projeto que prev\u00ea o pagamento do 14\u00ba sal\u00e1rio para benefici\u00e1rios do INSS em car\u00e1ter excepcional at\u00e9 2023 recebeu parecer favor\u00e1vel do deputado F\u00e1bio Mitidieri, relator da mat\u00e9ria na Comiss\u00e3o de Finan\u00e7as e Tributa\u00e7\u00e3o da C\u00e2mara, onde recebeu uma emenda que determina que a implementa\u00e7\u00e3o da lei fica condicionada \u00e0 exist\u00eancia de dota\u00e7\u00e3o or\u00e7ament\u00e1ria pr\u00e9via, suficiente para a cobertura das despesas.<\/p>\n\n\n\n<p>A proposta ainda precisa ser votada pelos integrantes da Comiss\u00e3o de Finan\u00e7as para seguir para a Comiss\u00e3o de Constitui\u00e7\u00e3o, Justi\u00e7a e Cidadania.<\/p>\n\n\n\n<p>Se passar pelos dois colegiados, seguir\u00e1 direto para aprecia\u00e7\u00e3o do Senado. Se aprovado, a mat\u00e9ria ir\u00e1 para san\u00e7\u00e3o do presidente Jair Bolsonaro. Caso haja vetos, o Congresso pode derrub\u00e1-los total, ou parcialmente.<\/p>\n\n\n\n<p class=\"has-vivid-red-color has-text-color\">ATEN\u00c7\u00c3O: N\u00c3O H\u00c1 GARANTIA DE QUE O PAGAMENTO DO 14\u00ba SAL\u00c1RIO SAIR\u00c1 PARA OS APOSENTADOS NESTE ANO.<\/p>\n\n\n\n<figure class=\"wp-block-image size-full\"><img data-recalc-dims=\"1\" fetchpriority=\"high\" decoding=\"async\" width=\"728\" height=\"90\" src=\"https:\/\/i0.wp.com\/araps.com.br\/wp-content\/uploads\/2021\/09\/BannerAraps.gif?resize=728%2C90&#038;ssl=1\" alt=\"\" class=\"wp-image-689\"\/><\/figure>\n","protected":false},"excerpt":{"rendered":"<p>O Projeto que prev\u00ea o pagamento do 14\u00ba sal\u00e1rio para benefici\u00e1rios do INSS em car\u00e1ter excepcional at\u00e9 2023 recebeu parecer favor\u00e1vel do deputado F\u00e1bio Mitidieri, relator da mat\u00e9ria na Comiss\u00e3o de Finan\u00e7as e Tributa\u00e7\u00e3o da C\u00e2mara, onde recebeu uma emenda que determina que a implementa\u00e7\u00e3o da lei fica condicionada \u00e0 exist\u00eancia de dota\u00e7\u00e3o or\u00e7ament\u00e1ria pr\u00e9via, suficiente para a cobertura das despesas.<\/p>\n","protected":false},"author":1,"featured_media":724,"comment_status":"open","ping_status":"open","sticky":false,"template":"","format":"standard","meta":{"colormag_page_container_layout":"default_layout","colormag_page_sidebar_layout":"default_layout","_exactmetrics_skip_tracking":false,"_exactmetrics_sitenote_active":false,"_exactmetrics_sitenote_note":"","_exactmetrics_sitenote_category":0,"_jetpack_memberships_contains_paid_content":false,"footnotes":"","jetpack_publicize_message":"","jetpack_publicize_feature_enabled":true,"jetpack_social_post_already_shared":true,"jetpack_social_options":{"image_generator_settings":{"template":"highway","default_image_id":0,"font":"","enabled":false},"version":2}},"categories":[14,15,26],"tags":[60,70,47,72,71],"class_list":["post-723","post","type-post","status-publish","format-standard","has-post-thumbnail","hentry","category-brasil","category-inss","category-politica","tag-aposentadoria","tag-congresso","tag-inss","tag-jair-bolsonaro","tag-salario"],"jetpack_publicize_connections":[],"jetpack_featured_media_url":"https:\/\/i0.wp.com\/araps.com.br\/wp-content\/uploads\/2021\/10\/4844865457-768x432-1.jpg?fit=800%2C445&ssl=1","jetpack-related-posts":[],"jetpack_sharing_enabled":true,"jetpack_likes_enabled":true,"_links":{"self":[{"href":"https:\/\/araps.com.br\/index.php\/wp-json\/wp\/v2\/posts\/723","targetHints":{"allow":["GET"]}}],"collection":[{"href":"https:\/\/araps.com.br\/index.php\/wp-json\/wp\/v2\/posts"}],"about":[{"href":"https:\/\/araps.com.br\/index.php\/wp-json\/wp\/v2\/types\/post"}],"author":[{"embeddable":true,"href":"https:\/\/araps.com.br\/index.php\/wp-json\/wp\/v2\/users\/1"}],"replies":[{"embeddable":true,"href":"https:\/\/araps.com.br\/index.php\/wp-json\/wp\/v2\/comments?post=723"}],"version-history":[{"count":1,"href":"https:\/\/araps.com.br\/index.php\/wp-json\/wp\/v2\/posts\/723\/revisions"}],"predecessor-version":[{"id":725,"href":"https:\/\/araps.com.br\/index.php\/wp-json\/wp\/v2\/posts\/723\/revisions\/725"}],"wp:featuredmedia":[{"embeddable":true,"href":"https:\/\/araps.com.br\/index.php\/wp-json\/wp\/v2\/media\/724"}],"wp:attachment":[{"href":"https:\/\/araps.com.br\/index.php\/wp-json\/wp\/v2\/media?parent=723"}],"wp:term":[{"taxonomy":"category","embeddable":true,"href":"https:\/\/araps.com.br\/index.php\/wp-json\/wp\/v2\/categories?post=723"},{"taxonomy":"post_tag","embeddable":true,"href":"https:\/\/araps.com.br\/index.php\/wp-json\/wp\/v2\/tags?post=723"}],"curies":[{"name":"wp","href":"https:\/\/api.w.org\/{rel}","templated":true}]}}