{"id":729,"date":"2021-10-29T13:04:06","date_gmt":"2021-10-29T16:04:06","guid":{"rendered":"https:\/\/araps.com.br\/?p=729"},"modified":"2021-10-29T13:04:11","modified_gmt":"2021-10-29T16:04:11","slug":"aposentado-que-precisa-de-cuidador-tem-direito-ao-adicional-de-25","status":"publish","type":"post","link":"https:\/\/araps.com.br\/index.php\/2021\/10\/29\/aposentado-que-precisa-de-cuidador-tem-direito-ao-adicional-de-25\/","title":{"rendered":"Aposentado que precisa de cuidador tem direito ao adicional de 25%"},"content":{"rendered":"\n<p>Idosos que necessitam de assist\u00eancia permanente de outra pessoa t\u00eam direito a um acr\u00e9scimo de 25% na aposentadoria. Est\u00e3o inclu\u00eddas na rela\u00e7\u00e3o das doen\u00e7as que d\u00e3o direito ao adicional: c\u00e2ncer em est\u00e1gio avan\u00e7ado, cegueira total, paralisia irrevers\u00edvel e incapacitante, paralisia dos dois membros superiores ou inferiores; altera\u00e7\u00e3o das faculdades mentais com grave perturba\u00e7\u00e3o da vida org\u00e2nica e social (exemplo o Mal de Alzheimer), doen\u00e7a que exija perman\u00eancia cont\u00ednua no leito, incapacidade permanente para as atividades da vida di\u00e1ria, entre outras.<\/p>\n\n\n\n<p>No entanto, em recentes casos julgados pela Turma Nacional de Uniformiza\u00e7\u00e3o dos Juizados Especiais Federais, reunida em sess\u00e3o no dia 18 de fevereiro deste ano, esse direito se estendeu n\u00e3o apenas para o aposentado por invalidez, mas para todo aposentado que necessite de cuidado especial, independendo assim, de qual forma se deu sua aposentadoria, se por invalidez, idade ou tempo de contribui\u00e7\u00e3o. Cabe destacar que por ser um procedimento que n\u00e3o est\u00e1 presente na Lei, as ag\u00eancias da Previd\u00eancia n\u00e3o est\u00e3o concedendo tal aux\u00edlio para quem n\u00e3o \u00e9 aposentado por invalidez, mas necessita dos ditos cuidados especiais permanentes. Assim, pode-se ingressar com a\u00e7\u00e3o diretamente no Juizado Especial Federal, pois apenas judicialmente h\u00e1 a hip\u00f3tese de concess\u00e3o do benef\u00edcio.<\/p>\n\n\n\n<p>O valor adicional \u00e9 pago pelo INSS at\u00e9 o \u00f3bito do segurado e n\u00e3o \u00e9 incorporado \u00e0 pens\u00e3o por morte, no caso de existirem dependentes que tenham direito \u00e0 esse benef\u00edcio.<\/p>\n","protected":false},"excerpt":{"rendered":"<p>Idosos que necessitam de assist\u00eancia permanente de outra pessoa t\u00eam direito a um acr\u00e9scimo de 25% na aposentadoria. Est\u00e3o inclu\u00eddas<\/p>\n","protected":false},"author":1,"featured_media":730,"comment_status":"open","ping_status":"open","sticky":false,"template":"","format":"standard","meta":{"colormag_page_container_layout":"default_layout","colormag_page_sidebar_layout":"default_layout","_exactmetrics_skip_tracking":false,"_exactmetrics_sitenote_active":false,"_exactmetrics_sitenote_note":"","_exactmetrics_sitenote_category":0,"_jetpack_memberships_contains_paid_content":false,"footnotes":"","jetpack_publicize_message":"","jetpack_publicize_feature_enabled":true,"jetpack_social_post_already_shared":true,"jetpack_social_options":{"image_generator_settings":{"template":"highway","default_image_id":0,"font":"","enabled":false},"version":2}},"categories":[16],"tags":[49,51,47,42],"class_list":["post-729","post","type-post","status-publish","format-standard","has-post-thumbnail","hentry","category-saude","tag-aposentados","tag-beneficios","tag-inss","tag-saude"],"jetpack_publicize_connections":[],"jetpack_featured_media_url":"https:\/\/i0.wp.com\/araps.com.br\/wp-content\/uploads\/2021\/10\/TUDO-SOBRE-CUIDADOR-DE-IDOSOS.jpg?fit=800%2C445&ssl=1","jetpack-related-posts":[],"jetpack_sharing_enabled":true,"jetpack_likes_enabled":true,"_links":{"self":[{"href":"https:\/\/araps.com.br\/index.php\/wp-json\/wp\/v2\/posts\/729","targetHints":{"allow":["GET"]}}],"collection":[{"href":"https:\/\/araps.com.br\/index.php\/wp-json\/wp\/v2\/posts"}],"about":[{"href":"https:\/\/araps.com.br\/index.php\/wp-json\/wp\/v2\/types\/post"}],"author":[{"embeddable":true,"href":"https:\/\/araps.com.br\/index.php\/wp-json\/wp\/v2\/users\/1"}],"replies":[{"embeddable":true,"href":"https:\/\/araps.com.br\/index.php\/wp-json\/wp\/v2\/comments?post=729"}],"version-history":[{"count":1,"href":"https:\/\/araps.com.br\/index.php\/wp-json\/wp\/v2\/posts\/729\/revisions"}],"predecessor-version":[{"id":731,"href":"https:\/\/araps.com.br\/index.php\/wp-json\/wp\/v2\/posts\/729\/revisions\/731"}],"wp:featuredmedia":[{"embeddable":true,"href":"https:\/\/araps.com.br\/index.php\/wp-json\/wp\/v2\/media\/730"}],"wp:attachment":[{"href":"https:\/\/araps.com.br\/index.php\/wp-json\/wp\/v2\/media?parent=729"}],"wp:term":[{"taxonomy":"category","embeddable":true,"href":"https:\/\/araps.com.br\/index.php\/wp-json\/wp\/v2\/categories?post=729"},{"taxonomy":"post_tag","embeddable":true,"href":"https:\/\/araps.com.br\/index.php\/wp-json\/wp\/v2\/tags?post=729"}],"curies":[{"name":"wp","href":"https:\/\/api.w.org\/{rel}","templated":true}]}}