{"id":744,"date":"2021-11-30T09:17:00","date_gmt":"2021-11-30T12:17:00","guid":{"rendered":"https:\/\/araps.com.br\/?p=744"},"modified":"2021-11-30T09:17:06","modified_gmt":"2021-11-30T12:17:06","slug":"entrevista-no-jc-norma-lopes-goncalves-presidente-da-araps","status":"publish","type":"post","link":"https:\/\/araps.com.br\/index.php\/2021\/11\/30\/entrevista-no-jc-norma-lopes-goncalves-presidente-da-araps\/","title":{"rendered":"Entrevista no JC &#8211; Norma Lopes Gon\u00e7alves &#8211; Presidente da ARAPS"},"content":{"rendered":"\n<p>No \u00faltimo domingo 28\/11\/2021, a presidente da ARAPS, Norma Lopes Gon\u00e7alves, foi entrevistada pelo Jornal Cidade de Rio Claro. Na entrevista Norma contou um pouco da sua hist\u00f3ria e sobre os projetos para o futuro da ARAPS. <\/p>\n\n\n\n<p>Reproduzimos na \u00edntegra a entrevista abaixo:<\/p>\n\n\n\n<p>Nascida em Avar\u00e9 (SP), Norma Lopes Gon\u00e7alves, presidente da ARAPS, morou l\u00e1 at\u00e9 completar o curso superior, que fez dela professora. No in\u00edcio de 1960, sua fam\u00edlia se mudou para S\u00e3o Paulo. Em 05\/02\/1960 come\u00e7ou a trabalhar nano SINDIMAQ (Sindicato Nacional da Ind\u00fastria de M\u00e1quinas), onde permaneceu at\u00e9 a aposentadoria, em 31\/08\/1991, ap\u00f3s 31 anos e meio de servi\u00e7os prestados. Norma sempre teve esp\u00edrito associativo e, assim, quando se mudou para Rio Claro, cidade que fez quest\u00e3o de escolher a dedo onde ia viver, descobriu a ARAPS &#8211; Associa\u00e7\u00e3o dos Aposentados. Praticamente deu continuidade ao seu trabalho. &#8220;S\u00f3 que o Sindicato defendia os interesses dos patr\u00f5es, isto \u00e9, das ind\u00fastrias e, na ARAPS, defendemos os trabalhadores aposentados, salientou ela.<\/p>\n\n\n\n<p>Norma se associou \u00e0 ARAPS em 1994. Dois anos depois, foi convidada e assumiu o cargo de vice-diretora secret\u00e1ria. Em 1998, sempre por meio de elei\u00e7\u00e3o, assumiu a vice-secretaria e, em 2000, assumiu como presidente. &#8220;Gosto muito e me dedico com satisfa\u00e7\u00e3o ao trabalho de ajudar os aposentados&#8221;, finalizou. A ARAPS completou, na \u00faltima quinta-feira (25), 38 anos de exist\u00eancia.<\/p>\n\n\n\n<p><strong><em>JC: Quais desafios encontra no seu dia a dia?<\/em><\/strong><\/p>\n\n\n\n<p>Embora todo esfor\u00e7o para divulgar o nosso trabalho, a maioria desconhece a import\u00e2ncia da uni\u00e3o para fortalecer essa categoria.<\/p>\n\n\n\n<p><strong><em>JC: O que espera do mercado para os pr\u00f3ximos meses?<\/em><\/strong><\/p>\n\n\n\n<p>Esperamos que a economia se recupere r\u00e1pido. Um dos mais importante servi\u00e7os prestados pela ARAPS e o plano funer\u00e1rio (enquanto na ativa e, portanto, mais jovem e mais saud\u00e1vel, o trabalhador tem um Plano de Sa\u00fade e depois de aposentado, j\u00e1 idoso e, consequentemente, com problemas de sa\u00fade) a legisla\u00e7\u00e3o (RN 195) impede a entrada de novos usu\u00e1rios, e os que j\u00e1 est\u00e3o, alguns com mais de 20 anos, tendo em vista a dificuldade em que o pa\u00eds se encontra (e felizmente j\u00e1 est\u00e1 saindo), o trabalhador n\u00e3o pode manter seu plano, num momento em que mais precisa dele.<\/p>\n\n\n\n<p><strong>RAIO-X DE NORMA LOPES:<\/strong><\/p>\n\n\n\n<p><strong>Anivers\u00e1rio:<\/strong> 03\/09\/1938<br><strong>Relacionamento:<\/strong> Solteira<br><strong>Filhos<\/strong>: n\u00e3o<br><strong>Nome dos pais:<\/strong> Jo\u00e3o Corr\u00eaa Gon\u00e7alves e Albertina Lopes Gon\u00e7alves<br><strong>Trabalho:<\/strong> inicialmente recepcionista e chefe de se\u00e7\u00e3o do SINDIMAQ<br><strong>Um sonho:<\/strong> Construir um residencial para acolhimento de aposentados, tempor\u00e1rio ou n\u00e3o (com condi\u00e7\u00f5es normais de sa\u00fade)<br><strong>Inspira\u00e7\u00e3o para o trabalho: <\/strong>Ajudar<br><strong>Um bom l\u00edder \u00e9:<\/strong> dedicado<br><strong>Brasil:<\/strong> Pa\u00eds maravilhoso, com mil riquezas em cima e embaixo do solo. S\u00f3 precisa de homens honestos e patriotas para chegar l\u00e1 e deixar de seu um pa\u00eds do futuro. M\u00e3e gentil que n\u00e3o \u00e9 respeitada por seus filhos.<br><strong>Na pandemia:<\/strong> Mantendo os cuidados necess\u00e1rios permanecemos nos nossos postos (e muitos precisaram)<br><strong>Bom papo:<\/strong> S\u00e3o muitos<br><strong>Marcante:<\/strong> O secret\u00e1rio executivo e respons\u00e1vel pel SINDIMAQ\/ABIMAQ<br><strong>Inteligente:<\/strong> Conheci muitos no meu dia a dia na ARAPS<br><strong>Nota dez:<\/strong> Funcion\u00e1rias do Plano de Sa\u00fade (Santa Casa)<br><strong>Insubstitu\u00edvel:<\/strong> Ningu\u00e9m<br><strong>Corajoso: <\/strong>Nosso presidente<br><strong>Bondoso: <\/strong>Povo brasileiro<br><strong>Leal:<\/strong> Ex-funcion\u00e1rios (boys) do SINDIMAQ que ficaram anos sob meu comando, alguns, hoje s\u00e3o av\u00f3s.<\/p>\n","protected":false},"excerpt":{"rendered":"<p>No \u00faltimo domingo 28\/11\/2021, a presidente da ARAPS, Norma Lopes Gon\u00e7alves, foi entrevistada pelo Jornal Cidade de Rio Claro. Na entrevista Norma contou um pouco da sua hist\u00f3ria e sobre os projetos para o futuro da ARAPS. <\/p>\n","protected":false},"author":1,"featured_media":745,"comment_status":"open","ping_status":"open","sticky":false,"template":"","format":"standard","meta":{"colormag_page_container_layout":"default_layout","colormag_page_sidebar_layout":"default_layout","_exactmetrics_skip_tracking":false,"_exactmetrics_sitenote_active":false,"_exactmetrics_sitenote_note":"","_exactmetrics_sitenote_category":0,"_jetpack_memberships_contains_paid_content":false,"footnotes":"","jetpack_publicize_message":"","jetpack_publicize_feature_enabled":true,"jetpack_social_post_already_shared":true,"jetpack_social_options":{"image_generator_settings":{"template":"highway","default_image_id":0,"font":"","enabled":false},"version":2}},"categories":[2,3],"tags":[49,54,74,75],"class_list":["post-744","post","type-post","status-publish","format-standard","has-post-thumbnail","hentry","category-araps","category-rio-claro","tag-aposentados","tag-araps","tag-entrevista","tag-jornal-cidade-de-rio-claro"],"jetpack_publicize_connections":[],"jetpack_featured_media_url":"https:\/\/i0.wp.com\/araps.com.br\/wp-content\/uploads\/2021\/11\/JORNAL.png?fit=800%2C445&ssl=1","jetpack-related-posts":[],"jetpack_sharing_enabled":true,"jetpack_likes_enabled":true,"_links":{"self":[{"href":"https:\/\/araps.com.br\/index.php\/wp-json\/wp\/v2\/posts\/744","targetHints":{"allow":["GET"]}}],"collection":[{"href":"https:\/\/araps.com.br\/index.php\/wp-json\/wp\/v2\/posts"}],"about":[{"href":"https:\/\/araps.com.br\/index.php\/wp-json\/wp\/v2\/types\/post"}],"author":[{"embeddable":true,"href":"https:\/\/araps.com.br\/index.php\/wp-json\/wp\/v2\/users\/1"}],"replies":[{"embeddable":true,"href":"https:\/\/araps.com.br\/index.php\/wp-json\/wp\/v2\/comments?post=744"}],"version-history":[{"count":1,"href":"https:\/\/araps.com.br\/index.php\/wp-json\/wp\/v2\/posts\/744\/revisions"}],"predecessor-version":[{"id":746,"href":"https:\/\/araps.com.br\/index.php\/wp-json\/wp\/v2\/posts\/744\/revisions\/746"}],"wp:featuredmedia":[{"embeddable":true,"href":"https:\/\/araps.com.br\/index.php\/wp-json\/wp\/v2\/media\/745"}],"wp:attachment":[{"href":"https:\/\/araps.com.br\/index.php\/wp-json\/wp\/v2\/media?parent=744"}],"wp:term":[{"taxonomy":"category","embeddable":true,"href":"https:\/\/araps.com.br\/index.php\/wp-json\/wp\/v2\/categories?post=744"},{"taxonomy":"post_tag","embeddable":true,"href":"https:\/\/araps.com.br\/index.php\/wp-json\/wp\/v2\/tags?post=744"}],"curies":[{"name":"wp","href":"https:\/\/api.w.org\/{rel}","templated":true}]}}