{"id":749,"date":"2021-12-07T10:31:10","date_gmt":"2021-12-07T13:31:10","guid":{"rendered":"https:\/\/araps.com.br\/?p=749"},"modified":"2021-12-07T10:31:14","modified_gmt":"2021-12-07T13:31:14","slug":"fapesp-visita-associacao-de-rio-claro","status":"publish","type":"post","link":"https:\/\/araps.com.br\/index.php\/2021\/12\/07\/fapesp-visita-associacao-de-rio-claro\/","title":{"rendered":"FAPESP VISITA ASSOCIA\u00c7\u00c3O DE RIO CLARO"},"content":{"rendered":"\n<p>Encerrando o primeiro ciclo de visitas do projeto FAPESP Itinerante, o Presidente da FAPESP, Ant\u00f4nio Alves da Silva esteve na tarde dessa sexta-feira (03) na Associa\u00e7\u00e3o Regional dos Aposentados Pensionistas pela Previd\u00eancia Social de Rio Claro \u2013 ARAPS liderada pela presidente Norma Lopes Gon\u00e7alves que tamb\u00e9m atua como Diretora da FAPESP.<\/p>\n\n\n\n<p>Na oportunidade, o Presidente da FAPESP tratou de temas importantes do movimento dos aposentados como a retomada das atividades presenciais, Romaria dos Aposentados 2022, o reajuste abusivo nos valores dos planos de sa\u00fade, futuros projetos da Entidade, o Plano de Benef\u00edcios COBAP com a filia\u00e7\u00e3o digital e a divulga\u00e7\u00e3o da R\u00e1dio FAPESP.<\/p>\n\n\n\n<p>Participaram da reuni\u00e3o o Diretor do Conselho Fiscal da Entidade, o senhor Jair Aparecido Ventura como tamb\u00e9m a equipe de funcion\u00e1rios da FAPESP, Rosana Tavares, Cl\u00e1udio Oliveira, Renan Matavelli e Eliezer Prado que trouxeram mais informa\u00e7\u00f5es sobre os assuntos e esclareceram d\u00favidas t\u00e9cnicas.<\/p>\n\n\n\n<p>O projeto FAPESP Itinerante marca a retomada das visitas presenciais as Associa\u00e7\u00f5es filiadas. O Projeto j\u00e1 visitou as Associa\u00e7\u00f5es de S\u00e3o Jos\u00e9 do Rio Preto, Catanduva, Taquaritinga, Mat\u00e3o, Araraquara, S\u00e3o Carlos, Ribeir\u00e3o Preto e Araras. FAPESP SEMPRE PRESENTE!<\/p>\n\n\n\n<p><strong>JUNTOS SOMOS MAIS FORTES! FAPESP EM A\u00c7\u00c3O!<\/strong><\/p>\n\n\n\n<p><a href=\"https:\/\/federacaofapesp.org.br\/noticia\/388068\/fapesp-visita-associac%C3%83o-de-rio-claro\" target=\"_blank\" rel=\"noopener\">https:\/\/federacaofapesp.org.br\/noticia\/388068\/fapesp-visita-associac%C3%83o-de-rio-claro<\/a><\/p>\n","protected":false},"excerpt":{"rendered":"<p>Encerrando o primeiro ciclo de visitas do projeto FAPESP Itinerante, o Presidente da FAPESP, Ant\u00f4nio Alves da Silva esteve na tarde dessa sexta-feira (03) na Associa\u00e7\u00e3o Regional dos Aposentados Pensionistas pela Previd\u00eancia Social de Rio Claro \u2013 ARAPS liderada pela presidente Norma Lopes Gon\u00e7alves que tamb\u00e9m atua como Diretora da FAPESP<\/p>\n","protected":false},"author":1,"featured_media":750,"comment_status":"open","ping_status":"open","sticky":false,"template":"","format":"standard","meta":{"colormag_page_container_layout":"default_layout","colormag_page_sidebar_layout":"default_layout","_exactmetrics_skip_tracking":false,"_exactmetrics_sitenote_active":false,"_exactmetrics_sitenote_note":"","_exactmetrics_sitenote_category":0,"_jetpack_memberships_contains_paid_content":false,"footnotes":"","jetpack_publicize_message":"","jetpack_publicize_feature_enabled":true,"jetpack_social_post_already_shared":true,"jetpack_social_options":{"image_generator_settings":{"template":"highway","default_image_id":0,"font":"","enabled":false},"version":2}},"categories":[2,3],"tags":[49,54,76],"class_list":["post-749","post","type-post","status-publish","format-standard","has-post-thumbnail","hentry","category-araps","category-rio-claro","tag-aposentados","tag-araps","tag-fapesp"],"jetpack_publicize_connections":[],"jetpack_featured_media_url":"https:\/\/i0.wp.com\/araps.com.br\/wp-content\/uploads\/2021\/12\/Diretoria.jpeg?fit=800%2C445&ssl=1","jetpack-related-posts":[],"jetpack_sharing_enabled":true,"jetpack_likes_enabled":true,"_links":{"self":[{"href":"https:\/\/araps.com.br\/index.php\/wp-json\/wp\/v2\/posts\/749","targetHints":{"allow":["GET"]}}],"collection":[{"href":"https:\/\/araps.com.br\/index.php\/wp-json\/wp\/v2\/posts"}],"about":[{"href":"https:\/\/araps.com.br\/index.php\/wp-json\/wp\/v2\/types\/post"}],"author":[{"embeddable":true,"href":"https:\/\/araps.com.br\/index.php\/wp-json\/wp\/v2\/users\/1"}],"replies":[{"embeddable":true,"href":"https:\/\/araps.com.br\/index.php\/wp-json\/wp\/v2\/comments?post=749"}],"version-history":[{"count":1,"href":"https:\/\/araps.com.br\/index.php\/wp-json\/wp\/v2\/posts\/749\/revisions"}],"predecessor-version":[{"id":751,"href":"https:\/\/araps.com.br\/index.php\/wp-json\/wp\/v2\/posts\/749\/revisions\/751"}],"wp:featuredmedia":[{"embeddable":true,"href":"https:\/\/araps.com.br\/index.php\/wp-json\/wp\/v2\/media\/750"}],"wp:attachment":[{"href":"https:\/\/araps.com.br\/index.php\/wp-json\/wp\/v2\/media?parent=749"}],"wp:term":[{"taxonomy":"category","embeddable":true,"href":"https:\/\/araps.com.br\/index.php\/wp-json\/wp\/v2\/categories?post=749"},{"taxonomy":"post_tag","embeddable":true,"href":"https:\/\/araps.com.br\/index.php\/wp-json\/wp\/v2\/tags?post=749"}],"curies":[{"name":"wp","href":"https:\/\/api.w.org\/{rel}","templated":true}]}}