{"id":768,"date":"2021-12-17T11:12:28","date_gmt":"2021-12-17T14:12:28","guid":{"rendered":"https:\/\/araps.com.br\/?p=768"},"modified":"2021-12-17T11:12:33","modified_gmt":"2021-12-17T14:12:33","slug":"voce-sabe-o-que-e-estimulacao-cognitiva-60","status":"publish","type":"post","link":"https:\/\/araps.com.br\/index.php\/2021\/12\/17\/voce-sabe-o-que-e-estimulacao-cognitiva-60\/","title":{"rendered":"Voc\u00ea sabe o que \u00e9 ESTIMULA\u00c7\u00c3O COGNITIVA 60+"},"content":{"rendered":"\n<p>Se voc\u00ea tem 60 anos ou mais e quer melhorar sua autoestima, sua qualidade de vida e o seu desempenho nas atividades do cotidiano, voc\u00ea precisa conhecer mais sobre a ESTIMULA\u00c7\u00c3O COGNITIVA.<\/p>\n\n\n\n<p>A\u00a0<strong>estimula\u00e7\u00e3o cognitiva<\/strong>\u00a0atua diretamente nos mecanismos neurol\u00f3gicos ligados \u00e0 plasticidade cerebral. Atrav\u00e9s de exerc\u00edcios e atividades terap\u00eauticas, busca-se preservar ou melhorar o desempenho das fun\u00e7\u00f5es\u00a0<strong>cognitivas<\/strong>\u00a0\u2013 linguagem, mem\u00f3ria, aten\u00e7\u00e3o, racioc\u00ednio, entre outras.<\/p>\n\n\n\n<p>Em JANEIRO DE 2022 junte-se a um dos novos grupos formados sob a supervis\u00e3o da PSICOPEDAGOGA ILARA BELLAN.<\/p>\n\n\n\n<p>Reserve seu hor\u00e1rio:<\/p>\n\n\n\n<p>Whatsapp: (19) 99162.6261<br>E-mail: ilarabellan@gmail.com<\/p>\n","protected":false},"excerpt":{"rendered":"<p>Se voc\u00ea tem 60 anos ou mais e quer melhorar sua autoestima, sua qualidade de vida e o seu desempenho<\/p>\n","protected":false},"author":1,"featured_media":769,"comment_status":"open","ping_status":"open","sticky":false,"template":"","format":"standard","meta":{"colormag_page_container_layout":"default_layout","colormag_page_sidebar_layout":"default_layout","_exactmetrics_skip_tracking":false,"_exactmetrics_sitenote_active":false,"_exactmetrics_sitenote_note":"","_exactmetrics_sitenote_category":0,"_jetpack_memberships_contains_paid_content":false,"footnotes":"","jetpack_publicize_message":"","jetpack_publicize_feature_enabled":true,"jetpack_social_post_already_shared":true,"jetpack_social_options":{"image_generator_settings":{"template":"highway","default_image_id":0,"font":"","enabled":false},"version":2}},"categories":[16],"tags":[49,81,80],"class_list":["post-768","post","type-post","status-publish","format-standard","has-post-thumbnail","hentry","category-saude","tag-aposentados","tag-atividades-para-idosos","tag-psicopedagogia"],"jetpack_publicize_connections":[],"jetpack_featured_media_url":"https:\/\/i0.wp.com\/araps.com.br\/wp-content\/uploads\/2021\/12\/cognitiva.png?fit=800%2C445&ssl=1","jetpack-related-posts":[],"jetpack_sharing_enabled":true,"jetpack_likes_enabled":true,"_links":{"self":[{"href":"https:\/\/araps.com.br\/index.php\/wp-json\/wp\/v2\/posts\/768","targetHints":{"allow":["GET"]}}],"collection":[{"href":"https:\/\/araps.com.br\/index.php\/wp-json\/wp\/v2\/posts"}],"about":[{"href":"https:\/\/araps.com.br\/index.php\/wp-json\/wp\/v2\/types\/post"}],"author":[{"embeddable":true,"href":"https:\/\/araps.com.br\/index.php\/wp-json\/wp\/v2\/users\/1"}],"replies":[{"embeddable":true,"href":"https:\/\/araps.com.br\/index.php\/wp-json\/wp\/v2\/comments?post=768"}],"version-history":[{"count":1,"href":"https:\/\/araps.com.br\/index.php\/wp-json\/wp\/v2\/posts\/768\/revisions"}],"predecessor-version":[{"id":770,"href":"https:\/\/araps.com.br\/index.php\/wp-json\/wp\/v2\/posts\/768\/revisions\/770"}],"wp:featuredmedia":[{"embeddable":true,"href":"https:\/\/araps.com.br\/index.php\/wp-json\/wp\/v2\/media\/769"}],"wp:attachment":[{"href":"https:\/\/araps.com.br\/index.php\/wp-json\/wp\/v2\/media?parent=768"}],"wp:term":[{"taxonomy":"category","embeddable":true,"href":"https:\/\/araps.com.br\/index.php\/wp-json\/wp\/v2\/categories?post=768"},{"taxonomy":"post_tag","embeddable":true,"href":"https:\/\/araps.com.br\/index.php\/wp-json\/wp\/v2\/tags?post=768"}],"curies":[{"name":"wp","href":"https:\/\/api.w.org\/{rel}","templated":true}]}}