{"id":783,"date":"2022-01-31T10:48:22","date_gmt":"2022-01-31T13:48:22","guid":{"rendered":"https:\/\/araps.com.br\/?p=783"},"modified":"2022-01-31T10:48:27","modified_gmt":"2022-01-31T13:48:27","slug":"liberado-calendario-do-13o-salario-do-inss-e-pagamentos-do-14o-salario","status":"publish","type":"post","link":"https:\/\/araps.com.br\/index.php\/2022\/01\/31\/liberado-calendario-do-13o-salario-do-inss-e-pagamentos-do-14o-salario\/","title":{"rendered":"Liberado calend\u00e1rio do 13\u00ba sal\u00e1rio do INSS e pagamentos do 14\u00ba sal\u00e1rio"},"content":{"rendered":"\n<p>Fonte de informa\u00e7\u00f5es: <a href=\"https:\/\/www.jornalcontabil.com.br\/liberado-calendario-do-13o-salario-do-inss-e-pagamentos-do-14o-salario\/?amp\" target=\"_blank\" rel=\"noopener\">Liberado calend\u00e1rio do 13\u00ba sal\u00e1rio do INSS e pagamentos do 14\u00ba sal\u00e1rio (jornalcontabil.com.br)<\/a><\/p>\n\n\n\n<p>Nos \u00faltimos dois anos, o pagamento do 13\u00ba sal\u00e1rio destinado aos aposentados, pensionistas e outros segurados do INSS (Instituto Nacional do Seguro Social) acabou sendo antecipado devido \u00e0 pandemia da Covid-19. Todavia, para este ano, os segurados que est\u00e3o na d\u00favida sobre como funcionar\u00e1 o pagamento deste ano j\u00e1 pode come\u00e7ar a se preparar.<\/p>\n\n\n\n<p>Al\u00e9m disso, abordaremos outro assunto que \u00e9 de interesse dos segurados do INSS, que \u00e9 justamente sobre a libera\u00e7\u00e3o ou n\u00e3o do 14\u00ba sal\u00e1rio, prometida j\u00e1 a algum tempo mas que nunca \u00e9 liberado. Se voc\u00ea quer saber tudo sobre os dois benef\u00edcios, continue acompanhando!<\/p>\n\n\n\n<h2 class=\"wp-block-heading\" id=\"13\u00ba-salario-do-inss\"><strong>13\u00ba sal\u00e1rio do INSS<\/strong><\/h2>\n\n\n\n<p>Nos \u00faltimos anos a antecipa\u00e7\u00e3o do 13\u00ba sal\u00e1rio ocorreu devido \u00e0 pandemia da Covid-19, onde, o governo acabou adotando a antecipa\u00e7\u00e3o do benef\u00edcio aos segurados como uma medida de garantia de renda extra durante o per\u00edodo de instabilidade e isolamento social.<\/p>\n\n\n\n<p>Todavia, at\u00e9 o momento o governo n\u00e3o parece se inclinar para uma nova antecipa\u00e7\u00e3o, pois, a pandemia no momento, apesar do aumento recente de casos, n\u00e3o est\u00e1 sendo considerado como uma nova onda da doen\u00e7a.<\/p>\n\n\n\n<p>Sendo assim, como o 13\u00ba sal\u00e1rio n\u00e3o deve ser antecipado o pagamento ocorrer\u00e1 por meio da determina\u00e7\u00e3o do<a href=\"https:\/\/www.in.gov.br\/en\/web\/dou\/-\/decreto-n-10.410-de-30-de-junho-de-2020-264503344\" target=\"_blank\" rel=\"noopener\">\u00a0Decreto 10.410\/20<\/a>\u00a0que fixou o pagamento do benef\u00edcio em duas parcelas, para as seguintes datas:<\/p>\n\n\n\n<ul class=\"wp-block-list\"><li><strong>Primeira parcela do 13\u00ba sal\u00e1rio<\/strong>\u00a0\u2014 ser\u00e1 paga a partir de agosto de 2022;<\/li><li><strong>Segunda parcela do 13\u00ba sal\u00e1rio<\/strong>\u00a0\u2014 ser\u00e1 paga a partir de novembro de 2022.<\/li><\/ul>\n\n\n\n<h2 class=\"wp-block-heading\" id=\"calendario-do-13\u00ba-salario-2022\"><strong>Calend\u00e1rio do 13\u00ba sal\u00e1rio 2022<\/strong><\/h2>\n\n\n\n<p>Com base no Decreto 10.410, os pagamentos do 13\u00ba sal\u00e1rio ocorreram juntamente com o pagamento mensal do benef\u00edcio dos segurados. Sendo assim, veja a seguir as datas para 2022.<\/p>\n\n\n\n<p><strong>Para o segurado que ganha um sal\u00e1rio m\u00ednimo<\/strong>:<\/p>\n\n\n\n<figure class=\"wp-block-table aligncenter is-style-stripes\"><table><tbody><tr><td><strong>Benef\u00edcio final<\/strong><\/td><td><strong>1\u00aa parcela<\/strong><\/td><td><strong>2\u00aa parcela<\/strong><\/td><\/tr><tr><td><strong>1<\/strong><\/td><td>25 de agosto<\/td><td>24 de novembro<\/td><\/tr><tr><td><strong>2<\/strong><\/td><td>26 de agosto<\/td><td>25 de novembro<\/td><\/tr><tr><td><strong>3<\/strong><\/td><td>29 de agosto<\/td><td>28 de novembro&nbsp;&nbsp;<\/td><\/tr><tr><td><strong>4&nbsp;<\/strong><\/td><td>30 de agosto<\/td><td>29 de novembro<\/td><\/tr><tr><td><strong>5<\/strong><\/td><td>31 de agosto<\/td><td>30 de novembro<\/td><\/tr><tr><td><strong>6<\/strong><\/td><td>01 de setembro<\/td><td>01 de dezembro<\/td><\/tr><tr><td><strong>7&nbsp;<\/strong><\/td><td>02 de setembro<\/td><td>02 de dezembro<\/td><\/tr><tr><td><strong>8<\/strong><\/td><td>05 de setembro<\/td><td>05 de dezembro<\/td><\/tr><tr><td><strong>9&nbsp;<\/strong><\/td><td>06 de setembro<\/td><td>06 de dezembro<\/td><\/tr><tr><td><strong>0&nbsp;<\/strong><\/td><td>08 de setembro<\/td><td>07 de dezembro<\/td><\/tr><\/tbody><\/table><\/figure>\n\n\n\n<p><strong>Para o segurado que ganha acima de um sal\u00e1rio:<\/strong><\/p>\n\n\n\n<figure class=\"wp-block-table aligncenter is-style-stripes\"><table><tbody><tr><td><strong>Benef\u00edcio final<\/strong><\/td><td><strong>1\u00aa parcela<\/strong><\/td><td><strong>2\u00aa parcela<\/strong><\/td><\/tr><tr><td><strong>1 e 6<\/strong><\/td><td>01 de setembro<\/td><td>01 de dezembro<\/td><\/tr><tr><td><strong>2 e 7<\/strong><\/td><td>02 de setembro<\/td><td>02 de dezembro<\/td><\/tr><tr><td><strong>3 e 8<\/strong><\/td><td>05 de setembro<\/td><td>05 de dezembro<\/td><\/tr><tr><td><strong>4 e 9<\/strong><\/td><td>06 de setembro<\/td><td>06 de dezembro<\/td><\/tr><tr><td><strong>5 e 0<\/strong><\/td><td>08 de setembro<\/td><td>07 de dezembro<\/td><\/tr><\/tbody><\/table><\/figure>\n\n\n\n<h2 class=\"wp-block-heading\" id=\"14\u00ba-salario-do-inss\"><strong>14\u00ba sal\u00e1rio do INSS<\/strong><\/h2>\n\n\n\n<p>O 14\u00ba sal\u00e1rio debatido no Congresso Nacional diz respeito ao Projeto de Lei 4367 de 2020, onde \u00e9 solicitado a cria\u00e7\u00e3o de um abono anual (14\u00ba sal\u00e1rio) em favor dos aposentados e pensionistas do Regime Geral de Previd\u00eancia Social.<\/p>\n\n\n\n<p>Todavia, o benef\u00edcio no decorrer de 2020 acabou n\u00e3o avan\u00e7ando e come\u00e7ou a andar apenas no final de 2021, quando as comiss\u00f5es competentes da C\u00e2mara dos Deputados aprovaram a libera\u00e7\u00e3o do benef\u00edcio.<\/p>\n\n\n\n<p>Todavia, \u00e9 importante lembrar que o benef\u00edcio ainda precisa passar pela aprova\u00e7\u00e3o da Comiss\u00e3o de Justi\u00e7a e Cidadania para de fato ser aprovada pela C\u00e2mara dos Deputados.<\/p>\n\n\n\n<p>Al\u00e9m disso, como se trata de um projeto de lei, o mesmo precisa passar pela aprova\u00e7\u00e3o do Senado Federal e por fim de uma san\u00e7\u00e3o do presidente da Rep\u00fablica.<\/p>\n\n\n\n<p>Sendo assim, apesar de ainda ter uma longa jornada pela frente, algumas defini\u00e7\u00f5es e datas de pagamento para o benef\u00edcio j\u00e1 foram aprovadas, sendo elas a defini\u00e7\u00e3o dos valores do benef\u00edcio, assim como as datas de pagamento.<\/p>\n\n\n\n<p>Com rela\u00e7\u00e3o \u00e0s datas de pagamento, como o projeto de lei inicialmente solicita a libera\u00e7\u00e3o do benef\u00edcio para 2020 e 2021, os anos de 2022 e 2023 teremos o pagamento retroativo do benef\u00edcio, veja:<\/p>\n\n\n\n<ul class=\"wp-block-list\"><li><strong>14\u00ba sal\u00e1rio de 2020&nbsp;<\/strong>\u2014 ser\u00e1 pago o retroativo do benef\u00edcio em mar\u00e7o de 2022;<\/li><li><strong>14\u00ba sal\u00e1rio de 2021<\/strong>&nbsp;\u2014 ser\u00e1 pago o retroativo do benef\u00edcio em mar\u00e7o de 2023.<\/li><\/ul>\n\n\n\n<p>Com rela\u00e7\u00e3o aos valores, o 14\u00ba sal\u00e1rio n\u00e3o pagar\u00e1 mais o valor cheio do benef\u00edcio, como ocorre com o pagamento do 13\u00ba sal\u00e1rio. Sendo assim, o valor do 14\u00ba sal\u00e1rio ser\u00e1 limitado at\u00e9 dois sal\u00e1rios m\u00ednimos, assim, mesmo quem ganha o teto do INSS dever\u00e1 receber um valor limitado a dois sal\u00e1rios, ou seja, at\u00e9 R$ 1.424,00.<\/p>\n","protected":false},"excerpt":{"rendered":"<p>Fonte de informa\u00e7\u00f5es: Liberado calend\u00e1rio do 13\u00ba sal\u00e1rio do INSS e pagamentos do 14\u00ba sal\u00e1rio (jornalcontabil.com.br) Nos \u00faltimos dois anos,<\/p>\n","protected":false},"author":1,"featured_media":785,"comment_status":"open","ping_status":"open","sticky":true,"template":"","format":"standard","meta":{"colormag_page_container_layout":"default_layout","colormag_page_sidebar_layout":"default_layout","_exactmetrics_skip_tracking":false,"_exactmetrics_sitenote_active":false,"_exactmetrics_sitenote_note":"","_exactmetrics_sitenote_category":0,"_jetpack_memberships_contains_paid_content":false,"footnotes":"","jetpack_publicize_message":"","jetpack_publicize_feature_enabled":true,"jetpack_social_post_already_shared":true,"jetpack_social_options":{"image_generator_settings":{"template":"highway","default_image_id":0,"font":"","enabled":false},"version":2}},"categories":[15],"tags":[86,84,49],"class_list":["post-783","post","type-post","status-publish","format-standard","has-post-thumbnail","hentry","category-inss","tag-13o-salario","tag-14o-salario","tag-aposentados"],"jetpack_publicize_connections":[],"jetpack_featured_media_url":"https:\/\/i0.wp.com\/araps.com.br\/wp-content\/uploads\/2022\/01\/economia-previdencia-social-inss-20170317-001.jpg?fit=800%2C445&ssl=1","jetpack-related-posts":[],"jetpack_sharing_enabled":true,"jetpack_likes_enabled":true,"_links":{"self":[{"href":"https:\/\/araps.com.br\/index.php\/wp-json\/wp\/v2\/posts\/783","targetHints":{"allow":["GET"]}}],"collection":[{"href":"https:\/\/araps.com.br\/index.php\/wp-json\/wp\/v2\/posts"}],"about":[{"href":"https:\/\/araps.com.br\/index.php\/wp-json\/wp\/v2\/types\/post"}],"author":[{"embeddable":true,"href":"https:\/\/araps.com.br\/index.php\/wp-json\/wp\/v2\/users\/1"}],"replies":[{"embeddable":true,"href":"https:\/\/araps.com.br\/index.php\/wp-json\/wp\/v2\/comments?post=783"}],"version-history":[{"count":1,"href":"https:\/\/araps.com.br\/index.php\/wp-json\/wp\/v2\/posts\/783\/revisions"}],"predecessor-version":[{"id":786,"href":"https:\/\/araps.com.br\/index.php\/wp-json\/wp\/v2\/posts\/783\/revisions\/786"}],"wp:featuredmedia":[{"embeddable":true,"href":"https:\/\/araps.com.br\/index.php\/wp-json\/wp\/v2\/media\/785"}],"wp:attachment":[{"href":"https:\/\/araps.com.br\/index.php\/wp-json\/wp\/v2\/media?parent=783"}],"wp:term":[{"taxonomy":"category","embeddable":true,"href":"https:\/\/araps.com.br\/index.php\/wp-json\/wp\/v2\/categories?post=783"},{"taxonomy":"post_tag","embeddable":true,"href":"https:\/\/araps.com.br\/index.php\/wp-json\/wp\/v2\/tags?post=783"}],"curies":[{"name":"wp","href":"https:\/\/api.w.org\/{rel}","templated":true}]}}