{"id":801,"date":"2022-03-04T12:08:51","date_gmt":"2022-03-04T15:08:51","guid":{"rendered":"https:\/\/araps.com.br\/?p=801"},"modified":"2022-03-04T12:08:55","modified_gmt":"2022-03-04T15:08:55","slug":"stf-assegura-revisao-da-vida-toda-para-aposentados-do-inss","status":"publish","type":"post","link":"https:\/\/araps.com.br\/index.php\/2022\/03\/04\/stf-assegura-revisao-da-vida-toda-para-aposentados-do-inss\/","title":{"rendered":"STF ASSEGURA REVIS\u00c3O DA VIDA TODA PARA APOSENTADOS DO INSS"},"content":{"rendered":"\n<p>O Supremo Tribunal Federal (STF) decidiu, por seis votos favor\u00e1veis contra cinco contr\u00e1rios, que os aposentados do Instituto Nacional do Seguro Social (INSS) conquistem, na Justi\u00e7a, o direito \u00e0 revis\u00e3o da vida toda. O tema 1.102, que tem repercuss\u00e3o geral e ser\u00e1 aplicado em todos os processos do tipo no pa\u00eds, foi votado na madrugada desta sexta-feira (25).<\/p>\n\n\n\n<p>\ud83d\udd37 A revis\u00e3o da vida toda \u00e9 uma a\u00e7\u00e3o judicial na qual aposentados pedem que todas as suas contribui\u00e7\u00f5es ao INSS, inclusive as realizadas antes da cria\u00e7\u00e3o do real, em 1994, sejam consideradas no c\u00e1lculo da m\u00e9dia salarial para aumentar a renda previdenci\u00e1ria. A corre\u00e7\u00e3o pode render atrasados e mais de R$ 100 mil.<\/p>\n\n\n\n<p>\u27a1\ufe0f Para ter direito \u00e0 revis\u00e3o, o segurado deve ter se aposentado antes da \u00faltima reforma da Previd\u00eancia, institu\u00edda pela emenda 103, em novembro de 2019. Al\u00e9m disso, que o benef\u00edcio tenha sido concedido com base nas regras da lei 9.876, de 1999.<\/p>\n\n\n\n<p>\ud83d\udcdd A nova regra diz que, para todos que atingem condi\u00e7\u00f5es de se aposentar a partir do dia 13 de novembro de 2019, a m\u00e9dia salarial \u00e9 calculada com todas as contribui\u00e7\u00f5es a partir de julho de 1994, ou seja, trouxe clareza quanto ao per\u00edodo das contribui\u00e7\u00f5es que entram no c\u00e1lculo dos benef\u00edcios previdenci\u00e1rios pagos pelo INSS. Por isso, a revis\u00e3o da vida toda s\u00f3 poderia ser aplicada para quem completou os requisitos para se aposentar at\u00e9 13 de novembro de 2019.<\/p>\n\n\n\n<p>\u26a0\ufe0fA corre\u00e7\u00e3o compensa para quem tinha sal\u00e1rios altos antes do Plano Real. Os segurados que recebiam sal\u00e1rios menores poder\u00e3o \u201cdiminuir\u201d a aposentadoria caso incluam as remunera\u00e7\u00f5es antigas no c\u00e1lculo.<\/p>\n\n\n\n<p>\ud83d\udd34 A COBAP participou como Amicus Curiae (Amigo da Corte &#8211; tem por finalidade fornecer subs\u00eddios \u00e0s decis\u00f5es dos tribunais, oferecendo-lhes melhor base para quest\u00f5es relevantes e de grande impacto) no julgamento do processo.<\/p>\n\n\n\n<p>\ud83d\udcda Hist\u00f3rico<\/p>\n\n\n\n<p>O processo teve in\u00edcio em junho do ano passado, mas foi interrompido por pedido de vistas do ministro Alexandre de Moraes. Com o voto favor\u00e1vel de Moraes nesta manh\u00e3, fica garantido que o segurado que concretizou as condi\u00e7\u00f5es para a aposentadoria ap\u00f3s a reforma da Previd\u00eancia de 1999, tenha direito \u00e0 revis\u00e3o para aumentar o benef\u00edcio.<\/p>\n\n\n\n<p>A soma de todos os sal\u00e1rios no c\u00e1lculo da aposentadoria passou a ser pedida na justi\u00e7a ap\u00f3s as normas impostas pela reforma da Previd\u00eancia de 1999, que estabeleceu que, para quem j\u00e1 era segurado do INSS at\u00e9 26 de novembro de 1999, a m\u00e9dia salarial seria calculada sobre 80% das maiores contribui\u00e7\u00f5es realizadas a partir de julho de 1994. Al\u00e9m disso, segundo a norma, os trabalhadores que iniciassem suas contribui\u00e7\u00f5es a partir de 27 de novembro de 1999, a m\u00e9dia salarial seria calculada com todos os sal\u00e1rios.<\/p>\n\n\n\n<p>A regra prejudicou os segurados que tinham contribui\u00e7\u00f5es pagas em valores maiores antes da implanta\u00e7\u00e3o do Plano Real. Ao se aposentar seguindo as regras de transi\u00e7\u00e3o, o segurado teve seu benef\u00edcio reduzido por ser impossibilitado de somar os sal\u00e1rios maiores antes de julho de 1994.<\/p>\n\n\n\n<p>Fontes: <a href=\"https:\/\/www1.folha.uol.com.br\/mercado\/2022\/02\/supremo-garante-revisao-da-vida-toda-do-inss-veja-quem-tem-direito.shtml?origin=uol\" target=\"_blank\" rel=\"noopener\">https:\/\/www1.folha.uol.com.br\/mercado\/2022\/02\/supremo-garante-revisao-da-vida-toda-do-inss-veja-quem-tem-direito.shtml?origin=uol<\/a><br>https:\/\/www.cnnbrasil.com.br\/business\/revisao-da-vida-toda-com-moraes-stf-forma-maioria-a-favor-de-aposentados-do-inss\/<\/p>\n","protected":false},"excerpt":{"rendered":"<p>O Supremo Tribunal Federal (STF) decidiu, por seis votos favor\u00e1veis contra cinco contr\u00e1rios, que os aposentados do Instituto Nacional do<\/p>\n","protected":false},"author":1,"featured_media":802,"comment_status":"open","ping_status":"open","sticky":false,"template":"","format":"standard","meta":{"colormag_page_container_layout":"default_layout","colormag_page_sidebar_layout":"default_layout","_exactmetrics_skip_tracking":false,"_exactmetrics_sitenote_active":false,"_exactmetrics_sitenote_note":"","_exactmetrics_sitenote_category":0,"_jetpack_memberships_contains_paid_content":false,"footnotes":"","jetpack_publicize_message":"","jetpack_publicize_feature_enabled":true,"jetpack_social_post_already_shared":true,"jetpack_social_options":{"image_generator_settings":{"template":"highway","default_image_id":0,"font":"","enabled":false},"version":2}},"categories":[14,26],"tags":[60,49,51,47],"class_list":["post-801","post","type-post","status-publish","format-standard","has-post-thumbnail","hentry","category-brasil","category-politica","tag-aposentadoria","tag-aposentados","tag-beneficios","tag-inss"],"jetpack_publicize_connections":[],"jetpack_featured_media_url":"https:\/\/i0.wp.com\/araps.com.br\/wp-content\/uploads\/2022\/03\/Supremo_Brasil.jpg?fit=800%2C445&ssl=1","jetpack-related-posts":[],"jetpack_sharing_enabled":true,"jetpack_likes_enabled":true,"_links":{"self":[{"href":"https:\/\/araps.com.br\/index.php\/wp-json\/wp\/v2\/posts\/801","targetHints":{"allow":["GET"]}}],"collection":[{"href":"https:\/\/araps.com.br\/index.php\/wp-json\/wp\/v2\/posts"}],"about":[{"href":"https:\/\/araps.com.br\/index.php\/wp-json\/wp\/v2\/types\/post"}],"author":[{"embeddable":true,"href":"https:\/\/araps.com.br\/index.php\/wp-json\/wp\/v2\/users\/1"}],"replies":[{"embeddable":true,"href":"https:\/\/araps.com.br\/index.php\/wp-json\/wp\/v2\/comments?post=801"}],"version-history":[{"count":1,"href":"https:\/\/araps.com.br\/index.php\/wp-json\/wp\/v2\/posts\/801\/revisions"}],"predecessor-version":[{"id":803,"href":"https:\/\/araps.com.br\/index.php\/wp-json\/wp\/v2\/posts\/801\/revisions\/803"}],"wp:featuredmedia":[{"embeddable":true,"href":"https:\/\/araps.com.br\/index.php\/wp-json\/wp\/v2\/media\/802"}],"wp:attachment":[{"href":"https:\/\/araps.com.br\/index.php\/wp-json\/wp\/v2\/media?parent=801"}],"wp:term":[{"taxonomy":"category","embeddable":true,"href":"https:\/\/araps.com.br\/index.php\/wp-json\/wp\/v2\/categories?post=801"},{"taxonomy":"post_tag","embeddable":true,"href":"https:\/\/araps.com.br\/index.php\/wp-json\/wp\/v2\/tags?post=801"}],"curies":[{"name":"wp","href":"https:\/\/api.w.org\/{rel}","templated":true}]}}