{"id":814,"date":"2022-03-16T12:56:59","date_gmt":"2022-03-16T15:56:59","guid":{"rendered":"https:\/\/araps.com.br\/?p=814"},"modified":"2022-03-16T12:57:02","modified_gmt":"2022-03-16T15:57:02","slug":"imposto-de-renda-2022-sou-aposentado-tenho-que-fazer-a-declaracao","status":"publish","type":"post","link":"https:\/\/araps.com.br\/index.php\/2022\/03\/16\/imposto-de-renda-2022-sou-aposentado-tenho-que-fazer-a-declaracao\/","title":{"rendered":"IMPOSTO DE RENDA 2022: SOU APOSENTADO. TENHO QUE FAZER A DECLARA\u00c7\u00c3O?"},"content":{"rendered":"\n<p>Fonte da not\u00edcia: <a href=\"https:\/\/federacaofapesp.org.br\/noticia\/426703\/imposto-de-renda-2022-sou-aposentado-tenho-que-fazer-a-declarac%C3%83o?fbclid=IwAR1URnersuklgX8Y_UX8v-LxVzaJDD2ycgmXoV2pAshtHHQcRqDrewiIW5c\" target=\"_blank\" rel=\"noreferrer noopener\">https:\/\/federacaofapesp.org.br\/noticia\/426703\/imposto-de-renda-2022-sou-aposentado-tenho-que-fazer-a-declarac%C3%83o?fbclid=IwAR1URnersuklgX8Y_UX8v-LxVzaJDD2ycgmXoV2pAshtHHQcRqDrewiIW5c<\/a><\/p>\n\n\n\n<p>O fato de voc\u00ea ser aposentado ou pensionista do INSS n\u00e3o o obriga nem isenta de fazer o Imposto de Renda. H\u00e1 diversas situa\u00e7\u00f5es que exigem a entrega da declara\u00e7\u00e3o. Basta que voc\u00ea se enquadre em pelo menos uma delas para ter que preencher e enviar o IR 2022 para a Receita Federal.<\/p>\n\n\n\n<p>Por exemplo, se os pagamentos da sua aposentadoria ou pens\u00e3o somaram mais de R$ 28.559,70 no ano passado, voc\u00ea precisa fazer a declara\u00e7\u00e3o do Imposto de Renda.<\/p>\n\n\n\n<p>Caso seu benef\u00edcio tenha ficado abaixo desse valor, ainda h\u00e1 outras situa\u00e7\u00f5es que podem obrig\u00e1-lo a entregar o IR 2022.<\/p>\n\n\n\n<p>Possui im\u00f3veis alugados? Se a soma dos alugueis recebidos em 2021 com a sua aposentadoria superaram R$ 28.559,70, vai ter que preencher o documento.<\/p>\n\n\n\n<p>Voc\u00ea tem dinheiro na poupan\u00e7a, investimentos no banco, carro, casa pr\u00f3pria? Se a soma de todos esses bens superar R$ 300 mil, tem que fazer Imposto de Renda.<\/p>\n\n\n\n<p>Se voc\u00ea \u00e9 aposentado ou pensionista do INSS, o primeiro passo para fazer a declara\u00e7\u00e3o do IR 2022 \u00e9 baixar o informe de rendimentos no site do INSS<\/p>\n\n\n\n<p>Confira todas as situa\u00e7\u00f5es que exigem que uma pessoa fa\u00e7a a declara\u00e7\u00e3o do IR 2022. Basta que voc\u00ea se enquadre em uma delas para ser obrigado a preencher o documento &#8211; https:\/\/economia.uol.com.br\/imposto-de-renda\/noticias\/redacao\/2022\/02\/17\/imposto-de-renda-2022-ja-sabe-se-voce-precisa-declarar-neste-ano.htm<\/p>\n\n\n\n<p><a href=\"https:\/\/economia.uol.com.br\/imposto-de-renda\/noticias\/redacao\/2022\/03\/15\/imposto-de-renda-2022-sou-aposentado-tenho-que-fazer-declaracao.htm\" target=\"_blank\" rel=\"noopener\">https:\/\/economia.uol.com.br\/imposto-de-renda\/noticias\/redacao\/2022\/03\/15\/imposto-de-renda-2022-sou-aposentado-tenho-que-fazer-declaracao.htm<\/a><\/p>\n","protected":false},"excerpt":{"rendered":"<p>Fonte da not\u00edcia: https:\/\/federacaofapesp.org.br\/noticia\/426703\/imposto-de-renda-2022-sou-aposentado-tenho-que-fazer-a-declarac%C3%83o?fbclid=IwAR1URnersuklgX8Y_UX8v-LxVzaJDD2ycgmXoV2pAshtHHQcRqDrewiIW5c O fato de voc\u00ea ser aposentado ou pensionista do INSS n\u00e3o o obriga nem isenta de<\/p>\n","protected":false},"author":1,"featured_media":815,"comment_status":"open","ping_status":"open","sticky":false,"template":"","format":"standard","meta":{"colormag_page_container_layout":"default_layout","colormag_page_sidebar_layout":"default_layout","_exactmetrics_skip_tracking":false,"_exactmetrics_sitenote_active":false,"_exactmetrics_sitenote_note":"","_exactmetrics_sitenote_category":0,"_jetpack_memberships_contains_paid_content":false,"footnotes":"","jetpack_publicize_message":"","jetpack_publicize_feature_enabled":true,"jetpack_social_post_already_shared":true,"jetpack_social_options":{"image_generator_settings":{"template":"highway","default_image_id":0,"font":"","enabled":false},"version":2}},"categories":[14],"tags":[60,64,89],"class_list":["post-814","post","type-post","status-publish","format-standard","has-post-thumbnail","hentry","category-brasil","tag-aposentadoria","tag-imposto-de-renda","tag-irpf"],"jetpack_publicize_connections":[],"jetpack_featured_media_url":"https:\/\/i0.wp.com\/araps.com.br\/wp-content\/uploads\/2022\/03\/imposto_de_renda_2022_widelg.png?fit=1200%2C675&ssl=1","jetpack-related-posts":[],"jetpack_sharing_enabled":true,"jetpack_likes_enabled":true,"_links":{"self":[{"href":"https:\/\/araps.com.br\/index.php\/wp-json\/wp\/v2\/posts\/814","targetHints":{"allow":["GET"]}}],"collection":[{"href":"https:\/\/araps.com.br\/index.php\/wp-json\/wp\/v2\/posts"}],"about":[{"href":"https:\/\/araps.com.br\/index.php\/wp-json\/wp\/v2\/types\/post"}],"author":[{"embeddable":true,"href":"https:\/\/araps.com.br\/index.php\/wp-json\/wp\/v2\/users\/1"}],"replies":[{"embeddable":true,"href":"https:\/\/araps.com.br\/index.php\/wp-json\/wp\/v2\/comments?post=814"}],"version-history":[{"count":1,"href":"https:\/\/araps.com.br\/index.php\/wp-json\/wp\/v2\/posts\/814\/revisions"}],"predecessor-version":[{"id":816,"href":"https:\/\/araps.com.br\/index.php\/wp-json\/wp\/v2\/posts\/814\/revisions\/816"}],"wp:featuredmedia":[{"embeddable":true,"href":"https:\/\/araps.com.br\/index.php\/wp-json\/wp\/v2\/media\/815"}],"wp:attachment":[{"href":"https:\/\/araps.com.br\/index.php\/wp-json\/wp\/v2\/media?parent=814"}],"wp:term":[{"taxonomy":"category","embeddable":true,"href":"https:\/\/araps.com.br\/index.php\/wp-json\/wp\/v2\/categories?post=814"},{"taxonomy":"post_tag","embeddable":true,"href":"https:\/\/araps.com.br\/index.php\/wp-json\/wp\/v2\/tags?post=814"}],"curies":[{"name":"wp","href":"https:\/\/api.w.org\/{rel}","templated":true}]}}