{"id":875,"date":"2022-04-27T18:39:41","date_gmt":"2022-04-27T21:39:41","guid":{"rendered":"https:\/\/araps.com.br\/?p=875"},"modified":"2022-04-27T18:39:43","modified_gmt":"2022-04-27T21:39:43","slug":"campanha-voto-do-idoso","status":"publish","type":"post","link":"https:\/\/araps.com.br\/index.php\/2022\/04\/27\/campanha-voto-do-idoso\/","title":{"rendered":"CAMPANHA: VOTO DO IDOSO"},"content":{"rendered":"\n<p>As Elei\u00e7\u00f5es Gerais de 2022 acontecem no dia 2 de outubro e, nos locais em que houver segundo turno, no dia 30 de outubro. O voto \u00e9 obrigat\u00f3rio para brasileiras e brasileiros entre 18 e 70 anos e facultativo para pessoas analfabetas e jovens com 16 e 17 anos.<\/p>\n\n\n\n<p>Para os idosos acima de 70 anos, o voto \u00e9 opcional, por\u00e9m a import\u00e2ncia desses quase 38 milh\u00f5es de pessoas, pode fazer a diferen\u00e7a para todos os brasileiros, devido a toda experi\u00eancia adquirida ao longo dos anos.<\/p>\n\n\n\n<p>J\u00e1 existe na internet e nas m\u00eddias televisivas, uma campanha muito forte para que os jovens tirem seus t\u00edtulos e votem pela primeira vez, mas em uma democracia \u00e9 importante que muito mais do que os jovens, os idosos votem tamb\u00e9m!<\/p>\n\n\n\n<p>Nosso pa\u00eds precisa continuar fortalecido em sua democracia, na liberdade de express\u00e3o, no fortalecimento do nosso agroneg\u00f3cio, no mercado interno e externo, por isso n\u00e3o podemos deixar que corrup\u00e7\u00e3o volte a ser a principal not\u00edcia no nosso lindo Brasil.<\/p>\n\n\n\n<p><strong>Existem muitos v\u00eddeos de pessoas que mesmo tendo votado nas \u00faltimas elei\u00e7\u00f5es, est\u00e3o encontrando problemas no seu t\u00edtulo de eleitor, por isso estamos disponibilizando o link para uma simples verifica\u00e7\u00e3o que pode ser feita atrav\u00e9s do CPF<\/strong>:<\/p>\n\n\n\n<p><a href=\"https:\/\/www.tse.jus.br\/eleitor\/titulo-e-local-de-votacao\/copy_of_consulta-por-nome\" target=\"_blank\" rel=\"noopener\">https:\/\/www.tse.jus.br\/eleitor\/titulo-e-local-de-votacao\/copy_of_consulta-por-n<\/a><strong><a href=\"https:\/\/www.tse.jus.br\/eleitor\/titulo-e-local-de-votacao\/copy_of_consulta-por-nome\" target=\"_blank\" rel=\"noreferrer noopener\">ome<\/a><\/strong><\/p>\n\n\n\n<p>Caso voc\u00ea encontre algum problema no seu t\u00edtulo, regularize at\u00e9 4 de maio.<\/p>\n\n\n\n<p>Que sejamos todos conscientes em nossos votos e que o nosso Brasil continue a crescer.<\/p>\n","protected":false},"excerpt":{"rendered":"<p>Para os idosos acima de 70 anos, o voto \u00e9 opcional, por\u00e9m a import\u00e2ncia desses quase 38 milh\u00f5es de pessoas, pode fazer a diferen\u00e7a para todos os brasileiros, devido a toda experi\u00eancia adquirida ao longo dos anos.<\/p>\n","protected":false},"author":1,"featured_media":876,"comment_status":"open","ping_status":"open","sticky":true,"template":"","format":"standard","meta":{"colormag_page_container_layout":"default_layout","colormag_page_sidebar_layout":"default_layout","_exactmetrics_skip_tracking":false,"_exactmetrics_sitenote_active":false,"_exactmetrics_sitenote_note":"","_exactmetrics_sitenote_category":0,"_jetpack_memberships_contains_paid_content":false,"footnotes":"","jetpack_publicize_message":"","jetpack_publicize_feature_enabled":true,"jetpack_social_post_already_shared":true,"jetpack_social_options":{"image_generator_settings":{"template":"highway","default_image_id":0,"font":"","enabled":false},"version":2}},"categories":[14],"tags":[49,100,76,101],"class_list":["post-875","post","type-post","status-publish","format-standard","has-post-thumbnail","hentry","category-brasil","tag-aposentados","tag-eleicoes-2022","tag-fapesp","tag-titulo-de-eleitor"],"jetpack_publicize_connections":[],"jetpack_featured_media_url":"https:\/\/i0.wp.com\/araps.com.br\/wp-content\/uploads\/2022\/04\/titulo.jpg?fit=800%2C445&ssl=1","jetpack-related-posts":[],"jetpack_sharing_enabled":true,"jetpack_likes_enabled":true,"_links":{"self":[{"href":"https:\/\/araps.com.br\/index.php\/wp-json\/wp\/v2\/posts\/875","targetHints":{"allow":["GET"]}}],"collection":[{"href":"https:\/\/araps.com.br\/index.php\/wp-json\/wp\/v2\/posts"}],"about":[{"href":"https:\/\/araps.com.br\/index.php\/wp-json\/wp\/v2\/types\/post"}],"author":[{"embeddable":true,"href":"https:\/\/araps.com.br\/index.php\/wp-json\/wp\/v2\/users\/1"}],"replies":[{"embeddable":true,"href":"https:\/\/araps.com.br\/index.php\/wp-json\/wp\/v2\/comments?post=875"}],"version-history":[{"count":1,"href":"https:\/\/araps.com.br\/index.php\/wp-json\/wp\/v2\/posts\/875\/revisions"}],"predecessor-version":[{"id":877,"href":"https:\/\/araps.com.br\/index.php\/wp-json\/wp\/v2\/posts\/875\/revisions\/877"}],"wp:featuredmedia":[{"embeddable":true,"href":"https:\/\/araps.com.br\/index.php\/wp-json\/wp\/v2\/media\/876"}],"wp:attachment":[{"href":"https:\/\/araps.com.br\/index.php\/wp-json\/wp\/v2\/media?parent=875"}],"wp:term":[{"taxonomy":"category","embeddable":true,"href":"https:\/\/araps.com.br\/index.php\/wp-json\/wp\/v2\/categories?post=875"},{"taxonomy":"post_tag","embeddable":true,"href":"https:\/\/araps.com.br\/index.php\/wp-json\/wp\/v2\/tags?post=875"}],"curies":[{"name":"wp","href":"https:\/\/api.w.org\/{rel}","templated":true}]}}