{"id":929,"date":"2022-05-30T11:12:12","date_gmt":"2022-05-30T14:12:12","guid":{"rendered":"https:\/\/araps.com.br\/?p=929"},"modified":"2022-05-30T11:12:17","modified_gmt":"2022-05-30T14:12:17","slug":"inss-2a-parcela-do-13o-comecou-a-ser-paga-nesta-ultima-quarta-feira-veja-o-calendario","status":"publish","type":"post","link":"https:\/\/araps.com.br\/index.php\/2022\/05\/30\/inss-2a-parcela-do-13o-comecou-a-ser-paga-nesta-ultima-quarta-feira-veja-o-calendario\/","title":{"rendered":"INSS: 2\u00aa parcela do 13\u00ba come\u00e7ou a ser paga nesta \u00faltima quarta-feira; veja o calend\u00e1rio"},"content":{"rendered":"\n<p>O Instituto Nacional de Seguro Social (INSS), inicia nesta quarta-feira (25) o pagamento da segunda parcela do 13\u00ba sal\u00e1rio para aposentados e pensionistas.<\/p>\n\n\n\n<p>O ciclo de pagamentos vai se estender at\u00e9 o dia 7 de junho, ocorrendo em conjunto com os vencimentos referentes ao m\u00eas de maio.<\/p>\n\n\n\n<p>Ir\u00e3o receber o benef\u00edcio na quarta-feira (25), os aposentados e pensionistas com o cart\u00e3o do NIS de final 1 e que recebam at\u00e9 um sal\u00e1rio m\u00ednimo (R$ 1.212,00). Quem recebe acima de um sal\u00e1rio m\u00ednimo, ter\u00e1 a rodada de pagamentos come\u00e7ando no dia 1 de junho para os cart\u00f5es do NIS de final 1 e 6.<\/p>\n\n\n\n<p>Os valores e as datas de pagamentos do 13\u00ba sal\u00e1rio do INSS podem ser consultados no aplicativo\u00a0<a href=\"https:\/\/meu.inss.gov.br\/#\/login\" target=\"_blank\" rel=\"noreferrer noopener\">Meu INSS<\/a>\u00a0ou pelo telefone 135.<\/p>\n\n\n\n<p>Confira o calend\u00e1rio de pagamentos da segunda parcela:<\/p>\n\n\n\n<h2 class=\"wp-block-heading\"><strong>Quem recebe at\u00e9 1 sal\u00e1rio m\u00ednimo<\/strong><\/h2>\n\n\n\n<p>Final do NIS \u2013 pagamento da segunda parcela<br>1 \u2013 25 de maio<br>2 \u2013 26 de maio<br>3 \u2013 27 de maio<br>4 \u2013 30 de maio<br>5 \u2013 31 de maio<br>6 \u2013 1 de junho<br>7 \u2013 2 de junho<br>8 \u2013 3 de junho<br>9 \u2013 6 de junho<br>0 \u2013 7 de junho<br><ins><\/ins><\/p>\n\n\n\n<h2 class=\"wp-block-heading\"><strong>Quem recebe acima de 1 sal\u00e1rio m\u00ednimo<\/strong><\/h2>\n\n\n\n<p>Final do NIS \u2013 pagamento da segunda parcela<br>1 e 6 \u2013 1 de junho<br>2 e 7 \u2013 2 de junho<br>3 e 8 \u2013 3 de junho<br>4 e 9 \u2013 6 de junho<br>5 e 0 \u2013 7 de junho<ins><\/ins><\/p>\n","protected":false},"excerpt":{"rendered":"<p>O Instituto Nacional de Seguro Social (INSS), inicia nesta quarta-feira (25) o pagamento da segunda parcela do 13\u00ba sal\u00e1rio para aposentados e pensionistas.<\/p>\n","protected":false},"author":1,"featured_media":785,"comment_status":"open","ping_status":"open","sticky":false,"template":"","format":"standard","meta":{"colormag_page_container_layout":"default_layout","colormag_page_sidebar_layout":"default_layout","_exactmetrics_skip_tracking":false,"_exactmetrics_sitenote_active":false,"_exactmetrics_sitenote_note":"","_exactmetrics_sitenote_category":0,"_jetpack_memberships_contains_paid_content":false,"footnotes":"","jetpack_publicize_message":"O Instituto Nacional de Seguro Social (INSS), inicia nesta quarta-feira (25) o pagamento da segunda parcela do 13\u00ba sal\u00e1rio para aposentados e pensionistas.","jetpack_publicize_feature_enabled":true,"jetpack_social_post_already_shared":true,"jetpack_social_options":{"image_generator_settings":{"template":"highway","default_image_id":0,"font":"","enabled":false},"version":2}},"categories":[15],"tags":[103,49,54,47],"class_list":["post-929","post","type-post","status-publish","format-standard","has-post-thumbnail","hentry","category-inss","tag-13o-salario-2","tag-aposentados","tag-araps","tag-inss"],"jetpack_publicize_connections":[],"jetpack_featured_media_url":"https:\/\/i0.wp.com\/araps.com.br\/wp-content\/uploads\/2022\/01\/economia-previdencia-social-inss-20170317-001.jpg?fit=800%2C445&ssl=1","jetpack-related-posts":[],"jetpack_sharing_enabled":true,"jetpack_likes_enabled":true,"_links":{"self":[{"href":"https:\/\/araps.com.br\/index.php\/wp-json\/wp\/v2\/posts\/929","targetHints":{"allow":["GET"]}}],"collection":[{"href":"https:\/\/araps.com.br\/index.php\/wp-json\/wp\/v2\/posts"}],"about":[{"href":"https:\/\/araps.com.br\/index.php\/wp-json\/wp\/v2\/types\/post"}],"author":[{"embeddable":true,"href":"https:\/\/araps.com.br\/index.php\/wp-json\/wp\/v2\/users\/1"}],"replies":[{"embeddable":true,"href":"https:\/\/araps.com.br\/index.php\/wp-json\/wp\/v2\/comments?post=929"}],"version-history":[{"count":1,"href":"https:\/\/araps.com.br\/index.php\/wp-json\/wp\/v2\/posts\/929\/revisions"}],"predecessor-version":[{"id":930,"href":"https:\/\/araps.com.br\/index.php\/wp-json\/wp\/v2\/posts\/929\/revisions\/930"}],"wp:featuredmedia":[{"embeddable":true,"href":"https:\/\/araps.com.br\/index.php\/wp-json\/wp\/v2\/media\/785"}],"wp:attachment":[{"href":"https:\/\/araps.com.br\/index.php\/wp-json\/wp\/v2\/media?parent=929"}],"wp:term":[{"taxonomy":"category","embeddable":true,"href":"https:\/\/araps.com.br\/index.php\/wp-json\/wp\/v2\/categories?post=929"},{"taxonomy":"post_tag","embeddable":true,"href":"https:\/\/araps.com.br\/index.php\/wp-json\/wp\/v2\/tags?post=929"}],"curies":[{"name":"wp","href":"https:\/\/api.w.org\/{rel}","templated":true}]}}