{"id":952,"date":"2022-08-09T15:54:28","date_gmt":"2022-08-09T18:54:28","guid":{"rendered":"https:\/\/araps.com.br\/?p=952"},"modified":"2022-08-09T15:54:30","modified_gmt":"2022-08-09T18:54:30","slug":"excursao-para-expoflora-2022-holambra-sp","status":"publish","type":"post","link":"https:\/\/araps.com.br\/index.php\/2022\/08\/09\/excursao-para-expoflora-2022-holambra-sp\/","title":{"rendered":"Excurs\u00e3o para EXPOFLORA 2022 &#8211; HOLAMBRA\/SP"},"content":{"rendered":"\n<p>Aten\u00e7\u00e3o associados, teremos nossa tradicional excurs\u00e3o para EXPOFLORA 2022 em HOLAMBRA\/SP.<\/p>\n\n\n\n<ul class=\"wp-block-list\"><li>9 DE SETEMBRO DE 2022<\/li><li>Sa\u00edda 7h00<\/li><li>Valor: R$ 95,00<\/li><\/ul>\n\n\n\n<p>Para maiores informa\u00e7\u00f5es entre em contato com nossa secretaria.<\/p>\n\n\n\n<p>A Expoflora \u00e9 a maior exposi\u00e7\u00e3o de flores e plantas ornamentais da Am\u00e9rica Latina, realizada anualmente em Holambra para dar as boas-vindas \u00e0 primavera e servir como uma grande vitrine para mostrar as novidades e lan\u00e7amentos da floricultura nacional. \u00c9 o \u201cFashion Week\u201d brasileiro das flores.<\/p>\n\n\n\n<p>Holambra \u00e9 uma antiga col\u00f4nia holandesa e o seu nome \u00e9 a jun\u00e7\u00e3o das palavras Holanda, Am\u00e9rica e Brasil. A cidade hoje, conta com 15 mil habitantes, mas continua preservando os costumes, as tradi\u00e7\u00f5es, a arquitetura e a culin\u00e1ria holandeses. Reconhecida, em junho de 2011, como a Capital Nacional das Flores, Holambra e sua microrregi\u00e3o s\u00e3o, hoje, o maior centro de comercializa\u00e7\u00e3o de flores e plantas ornamentais do Brasil, que responde por cerca de 70% das vendas do setor.<\/p>\n\n\n\n<p>A Expoflora chega a sua 39\u00aa edi\u00e7\u00e3o. Em 1981, quando foi inaugurado, o evento j\u00e1 atraiu mais de 12 mil pessoas em um \u00fanico final de semana. Nos \u00faltimos cinco anos, a m\u00e9dia de visitantes j\u00e1 ultrapassou os 300 mil turistas por ano, oriundos de todas as partes do Brasil e de outros v\u00e1rios pa\u00edses.<\/p>\n\n\n\n<p>Em 2020 e 2021, devido \u00e0 pandemia da covid-19, os eventos tiveram que ser adiados e, portanto, a sua realiza\u00e7\u00e3o em 2022 est\u00e1 sendo aguardada com grande ansiedade e expectativas.<\/p>\n\n\n\n<p>Assim, a 39\u00aa Expoflora j\u00e1 est\u00e1 agendada para o per\u00edodo de 2 a 25 de setembro de 2022, de sexta a domingo, das 9h \u00e0s 19h, e nos dias 7 e 8 de setembro, prometendo um retorno capaz de encantar e emocionar ainda mais os visitantes de todas as idades em seu imenso parque de 250 mil m\u00b2.<\/p>\n","protected":false},"excerpt":{"rendered":"<p>Aten\u00e7\u00e3o associados, teremos nossa tradicional excurs\u00e3o para EXPOFLORA 2022 em HOLAMBRA\/SP. 9 DE SETEMBRO DE 2022 Sa\u00edda 7h00 Valor: R$<\/p>\n","protected":false},"author":1,"featured_media":953,"comment_status":"open","ping_status":"open","sticky":false,"template":"","format":"standard","meta":{"colormag_page_container_layout":"default_layout","colormag_page_sidebar_layout":"default_layout","_exactmetrics_skip_tracking":false,"_exactmetrics_sitenote_active":false,"_exactmetrics_sitenote_note":"","_exactmetrics_sitenote_category":0,"_jetpack_memberships_contains_paid_content":false,"footnotes":"","jetpack_publicize_message":"","jetpack_publicize_feature_enabled":true,"jetpack_social_post_already_shared":true,"jetpack_social_options":{"image_generator_settings":{"template":"highway","default_image_id":0,"font":"","enabled":false},"version":2}},"categories":[23,3],"tags":[49,90,98,105,99],"class_list":["post-952","post","type-post","status-publish","format-standard","has-post-thumbnail","hentry","category-eventos","category-rio-claro","tag-aposentados","tag-excursao","tag-excursoes","tag-expoflora","tag-holambra"],"jetpack_publicize_connections":[],"jetpack_featured_media_url":"https:\/\/i0.wp.com\/araps.com.br\/wp-content\/uploads\/2022\/08\/IMG-20220414-WA0004-01.jpeg?fit=800%2C445&ssl=1","jetpack-related-posts":[],"jetpack_sharing_enabled":true,"jetpack_likes_enabled":true,"_links":{"self":[{"href":"https:\/\/araps.com.br\/index.php\/wp-json\/wp\/v2\/posts\/952","targetHints":{"allow":["GET"]}}],"collection":[{"href":"https:\/\/araps.com.br\/index.php\/wp-json\/wp\/v2\/posts"}],"about":[{"href":"https:\/\/araps.com.br\/index.php\/wp-json\/wp\/v2\/types\/post"}],"author":[{"embeddable":true,"href":"https:\/\/araps.com.br\/index.php\/wp-json\/wp\/v2\/users\/1"}],"replies":[{"embeddable":true,"href":"https:\/\/araps.com.br\/index.php\/wp-json\/wp\/v2\/comments?post=952"}],"version-history":[{"count":1,"href":"https:\/\/araps.com.br\/index.php\/wp-json\/wp\/v2\/posts\/952\/revisions"}],"predecessor-version":[{"id":954,"href":"https:\/\/araps.com.br\/index.php\/wp-json\/wp\/v2\/posts\/952\/revisions\/954"}],"wp:featuredmedia":[{"embeddable":true,"href":"https:\/\/araps.com.br\/index.php\/wp-json\/wp\/v2\/media\/953"}],"wp:attachment":[{"href":"https:\/\/araps.com.br\/index.php\/wp-json\/wp\/v2\/media?parent=952"}],"wp:term":[{"taxonomy":"category","embeddable":true,"href":"https:\/\/araps.com.br\/index.php\/wp-json\/wp\/v2\/categories?post=952"},{"taxonomy":"post_tag","embeddable":true,"href":"https:\/\/araps.com.br\/index.php\/wp-json\/wp\/v2\/tags?post=952"}],"curies":[{"name":"wp","href":"https:\/\/api.w.org\/{rel}","templated":true}]}}