{"id":979,"date":"2022-09-08T12:38:22","date_gmt":"2022-09-08T15:38:22","guid":{"rendered":"https:\/\/araps.com.br\/?p=979"},"modified":"2022-09-08T12:38:24","modified_gmt":"2022-09-08T15:38:24","slug":"200-anos-da-independencia-do-brasil","status":"publish","type":"post","link":"https:\/\/araps.com.br\/index.php\/2022\/09\/08\/200-anos-da-independencia-do-brasil\/","title":{"rendered":"200 anos da independ\u00eancia do Brasil"},"content":{"rendered":"\n<p>O 7 de setembro \u00e9 uma data comemorativa que relembra a declara\u00e7\u00e3o de independ\u00eancia do Brasil, realizada nesta data em 1822.<\/p>\n\n\n\n<p>As comemora\u00e7\u00f5es da independ\u00eancia no Brasil acontecem, sobretudo, nas grandes cidades do Brasil e s\u00e3o marcadas por desfiles de membros das For\u00e7as Armadas (Marinha, Ex\u00e9rcito e Aeron\u00e1utica), assim como acontecem desfiles de bandas e at\u00e9 de veteranos da For\u00e7a Expedicion\u00e1ria Brasileira, que lutou na Segunda Guerra Mundial.<\/p>\n\n\n\n<p>O 7 de setembro \u00e9 um dia extremamente importante para a nossa hist\u00f3ria. A mem\u00f3ria coletiva em nosso pa\u00eds consolidou essa data como o dia em que D. Pedro realizou o grito da nossa independ\u00eancia, sendo esse acontecimento um marco de funda\u00e7\u00e3o de nosso pa\u00eds.<\/p>\n\n\n\n<p>A data \u00e9 entendida como um momento importante para a mem\u00f3ria coletiva do brasileiro e, por isso deve ser celebrada.<\/p>\n","protected":false},"excerpt":{"rendered":"<p>O 7 de setembro \u00e9 uma data comemorativa que relembra a declara\u00e7\u00e3o de independ\u00eancia do Brasil, realizada nesta data em<\/p>\n","protected":false},"author":1,"featured_media":980,"comment_status":"open","ping_status":"open","sticky":false,"template":"","format":"standard","meta":{"colormag_page_container_layout":"default_layout","colormag_page_sidebar_layout":"default_layout","_exactmetrics_skip_tracking":false,"_exactmetrics_sitenote_active":false,"_exactmetrics_sitenote_note":"","_exactmetrics_sitenote_category":0,"_jetpack_memberships_contains_paid_content":false,"footnotes":"","jetpack_publicize_message":"","jetpack_publicize_feature_enabled":true,"jetpack_social_post_already_shared":true,"jetpack_social_options":{"image_generator_settings":{"template":"highway","default_image_id":0,"font":"","enabled":false},"version":2}},"categories":[14],"tags":[109,54,107,108,106],"class_list":["post-979","post","type-post","status-publish","format-standard","has-post-thumbnail","hentry","category-brasil","tag-7-de-setembro","tag-araps","tag-brasil","tag-creimonia-de-7-de-setembro","tag-independencia"],"jetpack_publicize_connections":[],"jetpack_featured_media_url":"https:\/\/i0.wp.com\/araps.com.br\/wp-content\/uploads\/2022\/09\/brasil.png?fit=800%2C445&ssl=1","jetpack-related-posts":[],"jetpack_sharing_enabled":true,"jetpack_likes_enabled":true,"_links":{"self":[{"href":"https:\/\/araps.com.br\/index.php\/wp-json\/wp\/v2\/posts\/979","targetHints":{"allow":["GET"]}}],"collection":[{"href":"https:\/\/araps.com.br\/index.php\/wp-json\/wp\/v2\/posts"}],"about":[{"href":"https:\/\/araps.com.br\/index.php\/wp-json\/wp\/v2\/types\/post"}],"author":[{"embeddable":true,"href":"https:\/\/araps.com.br\/index.php\/wp-json\/wp\/v2\/users\/1"}],"replies":[{"embeddable":true,"href":"https:\/\/araps.com.br\/index.php\/wp-json\/wp\/v2\/comments?post=979"}],"version-history":[{"count":1,"href":"https:\/\/araps.com.br\/index.php\/wp-json\/wp\/v2\/posts\/979\/revisions"}],"predecessor-version":[{"id":981,"href":"https:\/\/araps.com.br\/index.php\/wp-json\/wp\/v2\/posts\/979\/revisions\/981"}],"wp:featuredmedia":[{"embeddable":true,"href":"https:\/\/araps.com.br\/index.php\/wp-json\/wp\/v2\/media\/980"}],"wp:attachment":[{"href":"https:\/\/araps.com.br\/index.php\/wp-json\/wp\/v2\/media?parent=979"}],"wp:term":[{"taxonomy":"category","embeddable":true,"href":"https:\/\/araps.com.br\/index.php\/wp-json\/wp\/v2\/categories?post=979"},{"taxonomy":"post_tag","embeddable":true,"href":"https:\/\/araps.com.br\/index.php\/wp-json\/wp\/v2\/tags?post=979"}],"curies":[{"name":"wp","href":"https:\/\/api.w.org\/{rel}","templated":true}]}}