{"id":998,"date":"2022-09-20T14:27:02","date_gmt":"2022-09-20T17:27:02","guid":{"rendered":"https:\/\/araps.com.br\/?p=998"},"modified":"2022-09-20T14:28:31","modified_gmt":"2022-09-20T17:28:31","slug":"abstencao-decide","status":"publish","type":"post","link":"https:\/\/araps.com.br\/index.php\/2022\/09\/20\/abstencao-decide\/","title":{"rendered":"ABSTEN\u00c7\u00c3O DECIDE"},"content":{"rendered":"\n<p>Estariam os brasileiros se desinteressando por elei\u00e7\u00f5es? Segundo pesquisas publicadas pela imprensa, a absten\u00e7\u00e3o, mais nulos e brancos, subiu de 18% para 25%, de 2006 a 2018. Significa que, em quatro &nbsp;eleitores, s\u00f3 &nbsp;tr\u00eas escolhem candi\u00addato. <\/p>\n\n\n\n<p> Em pa\u00edses pr\u00f3ximos, com voto facultativo, a aliena\u00e7\u00e3o eleitoral foi decisiva.&nbsp;Que futuro queremos para nossa na\u00e7\u00e3o! Estas elei\u00e7\u00f5es v\u00e3o decidir nosso futuro.<\/p>\n\n\n\n<p>E a nossa gera\u00e7\u00e3o, aposentados e pensionistas, conhecemos um passado mais sadio e estamos vivenciando as mazelas do presente.&nbsp;&nbsp;<\/p>\n\n\n\n<p><strong>Quando voc\u00ea n\u00e3o escolhe, algu\u00e9m escolhe por voc\u00ea!<\/strong><br><br><\/p>\n","protected":false},"excerpt":{"rendered":"<p>Estariam os brasileiros se desinteressando por elei\u00e7\u00f5es? Segundo pesquisas publicadas pela imprensa, a absten\u00e7\u00e3o, mais nulos e brancos, subiu de<\/p>\n","protected":false},"author":1,"featured_media":809,"comment_status":"open","ping_status":"open","sticky":false,"template":"","format":"standard","meta":{"colormag_page_container_layout":"default_layout","colormag_page_sidebar_layout":"default_layout","_exactmetrics_skip_tracking":false,"_exactmetrics_sitenote_active":false,"_exactmetrics_sitenote_note":"","_exactmetrics_sitenote_category":0,"_jetpack_memberships_contains_paid_content":false,"footnotes":"","jetpack_publicize_message":"","jetpack_publicize_feature_enabled":true,"jetpack_social_post_already_shared":true,"jetpack_social_options":{"image_generator_settings":{"template":"highway","default_image_id":0,"font":"","enabled":false},"version":2}},"categories":[14,26],"tags":[],"class_list":["post-998","post","type-post","status-publish","format-standard","has-post-thumbnail","hentry","category-brasil","category-politica"],"jetpack_publicize_connections":[],"jetpack_featured_media_url":"https:\/\/i0.wp.com\/araps.com.br\/wp-content\/uploads\/2022\/03\/urna_jose_cruz_2350.jpg?fit=800%2C455&ssl=1","jetpack-related-posts":[],"jetpack_sharing_enabled":true,"jetpack_likes_enabled":true,"_links":{"self":[{"href":"https:\/\/araps.com.br\/index.php\/wp-json\/wp\/v2\/posts\/998","targetHints":{"allow":["GET"]}}],"collection":[{"href":"https:\/\/araps.com.br\/index.php\/wp-json\/wp\/v2\/posts"}],"about":[{"href":"https:\/\/araps.com.br\/index.php\/wp-json\/wp\/v2\/types\/post"}],"author":[{"embeddable":true,"href":"https:\/\/araps.com.br\/index.php\/wp-json\/wp\/v2\/users\/1"}],"replies":[{"embeddable":true,"href":"https:\/\/araps.com.br\/index.php\/wp-json\/wp\/v2\/comments?post=998"}],"version-history":[{"count":2,"href":"https:\/\/araps.com.br\/index.php\/wp-json\/wp\/v2\/posts\/998\/revisions"}],"predecessor-version":[{"id":1000,"href":"https:\/\/araps.com.br\/index.php\/wp-json\/wp\/v2\/posts\/998\/revisions\/1000"}],"wp:featuredmedia":[{"embeddable":true,"href":"https:\/\/araps.com.br\/index.php\/wp-json\/wp\/v2\/media\/809"}],"wp:attachment":[{"href":"https:\/\/araps.com.br\/index.php\/wp-json\/wp\/v2\/media?parent=998"}],"wp:term":[{"taxonomy":"category","embeddable":true,"href":"https:\/\/araps.com.br\/index.php\/wp-json\/wp\/v2\/categories?post=998"},{"taxonomy":"post_tag","embeddable":true,"href":"https:\/\/araps.com.br\/index.php\/wp-json\/wp\/v2\/tags?post=998"}],"curies":[{"name":"wp","href":"https:\/\/api.w.org\/{rel}","templated":true}]}}